{"id":5726,"date":"2025-11-14T09:30:26","date_gmt":"2025-11-14T09:30:26","guid":{"rendered":"https:\/\/www.aetomazribeiro.net\/wpress\/?p=5726"},"modified":"2025-11-14T09:42:30","modified_gmt":"2025-11-14T09:42:30","slug":"pense-industria-pessoas-digitalizacao-e-sustentabilidade","status":"publish","type":"post","link":"https:\/\/www.aetomazribeiro.net\/wpress\/pense-industria-pessoas-digitalizacao-e-sustentabilidade\/","title":{"rendered":"Pense Ind\u00fastria: Pessoas, Digitaliza\u00e7\u00e3o e Sustentabilidade"},"content":{"rendered":"\n<h3 class=\"wp-block-heading has-text-align-center\">Pense Ind\u00fastria: Pessoas, Digitaliza\u00e7\u00e3o e Sustentabilidade<\/h3>\n\n\n\n<div style=\"height:64px\" aria-hidden=\"true\" class=\"wp-block-spacer\"><\/div>\n\n\n\n<p><\/p>\n\n\n\n<div class=\"wp-block-uagb-container uagb-block-ad714d13 alignfull uagb-is-root-container\"><div class=\"uagb-container-inner-blocks-wrap\">\n<div class=\"wp-block-uagb-container uagb-block-31e311c8\">\n<figure class=\"wp-block-image aligncenter size-full is-resized has-custom-border\"><img fetchpriority=\"high\" decoding=\"async\" width=\"201\" height=\"251\" src=\"https:\/\/www.aetomazribeiro.net\/wpress\/wp-content\/uploads\/2025\/11\/logo.png\" alt=\"\" class=\"wp-image-5727\" style=\"border-width:3px;width:279px;height:auto\"\/><\/figure>\n<\/div>\n\n\n\n<div class=\"wp-block-uagb-container uagb-block-16940536\">\n<p>No dia 13 de novembro, no \u00e2mbito do projeto Pense Ind\u00fastria \u2013 Pessoas, Digitaliza\u00e7\u00e3o e Sustentabilidade, decorreu na Sala B6 da Escola Secund\u00e1ria de Tondela, das 10h \u00e0s 13h30, com as respetivas turmas do 1.\u00ba, 2.\u00ba e 3.\u00ba ano do Curso Profissional de Inform\u00e1tica \u2013 Instala\u00e7\u00e3o e Gest\u00e3o de Redes, as sess\u00f5es de sensibiliza\u00e7\u00e3o com os temas:\u00a0<\/p>\n\n\n\n<ul class=\"wp-block-list\">\n<li>Digitaliza\u00e7\u00e3o e fabrico digital;\u00a0<\/li>\n\n\n\n<li>Sustentabilidade e economia circular;\u00a0<\/li>\n\n\n\n<li>Ind\u00fastria 4.0 e ind\u00fastria 5.0;\u00a0<\/li>\n\n\n\n<li>Ciberseguran\u00e7a e prote\u00e7\u00e3o de dados;\u00a0<\/li>\n\n\n\n<li>Personaliza\u00e7\u00e3o, propriedade industrial e seguran\u00e7a no trabalho,\u00a0patrocinada pelo Centro Tecnol\u00f3gico CTCV.<\/li>\n<\/ul>\n<\/div>\n<\/div><\/div>\n\n\n\n<div style=\"height:64px\" aria-hidden=\"true\" class=\"wp-block-spacer\"><\/div>\n\n\n\n<p>As a\u00e7\u00f5es foram dinamizadas pelo Eng.\u00ba Paulo Concei\u00e7\u00e3o e Eng.\u00aa Carla Aguiar, al\u00e9m das&nbsp;sess\u00f5es, informaram tamb\u00e9m sobre o&nbsp;concurso nacional&nbsp;\u201c<strong>Pense Ind\u00fastria Isto \u00e9 uma ideia<\/strong>\u201d,&nbsp;onde os alunos s\u00e3o desafiados a conceber uma nova solu\u00e7\u00e3o, que torne o dia-a-dia mais smart e simples e que preferencialmente tamb\u00e9m contribua para a sustentabilidade, e sobre o concurso, e ainda sobre o concurso F1 in Schools, que&nbsp;\u00e9 uma competi\u00e7\u00e3o internacional de STEM (Ci\u00eancia, Tecnologia, Engenharia e Matem\u00e1tica) endossada pela F\u00f3rmula 1 onde os alunos precisam projetar e fabricar um carro de F1 em miniatura usando ferramentas de projeto CAD\/CAM .&nbsp;<\/p>\n\n\n\n<figure class=\"wp-block-image aligncenter size-large is-resized\"><a href=\"https:\/\/www.aetomazribeiro.net\/wpress\/wp-content\/uploads\/2025\/11\/20251113_102358.jpg\"><img decoding=\"async\" width=\"1024\" height=\"768\" src=\"https:\/\/www.aetomazribeiro.net\/wpress\/wp-content\/uploads\/2025\/11\/20251113_102358-1024x768.jpg\" alt=\"\" class=\"wp-image-5728\" style=\"box-shadow:var(--wp--preset--shadow--natural);width:776px;height:auto\" srcset=\"https:\/\/www.aetomazribeiro.net\/wpress\/wp-content\/uploads\/2025\/11\/20251113_102358-1024x768.jpg 1024w, https:\/\/www.aetomazribeiro.net\/wpress\/wp-content\/uploads\/2025\/11\/20251113_102358-300x225.jpg 300w, https:\/\/www.aetomazribeiro.net\/wpress\/wp-content\/uploads\/2025\/11\/20251113_102358-768x576.jpg 768w, https:\/\/www.aetomazribeiro.net\/wpress\/wp-content\/uploads\/2025\/11\/20251113_102358.jpg 1500w\" sizes=\"(max-width: 1024px) 100vw, 1024px\" \/><\/a><\/figure>\n","protected":false},"excerpt":{"rendered":"<p>Pense Ind\u00fastria: Pessoas, Digitaliza\u00e7\u00e3o e Sustentabilidade No dia 13 de novembro, no \u00e2mbito do projeto Pense Ind\u00fastria \u2013 Pessoas, Digitaliza\u00e7\u00e3o [&hellip;]<\/p>\n","protected":false},"author":1,"featured_media":5728,"comment_status":"open","ping_status":"open","sticky":false,"template":"","format":"standard","meta":{"_uag_custom_page_level_css":"","site-sidebar-layout":"default","site-content-layout":"","ast-site-content-layout":"default","site-content-style":"default","site-sidebar-style":"default","ast-global-header-display":"","ast-banner-title-visibility":"","ast-main-header-display":"","ast-hfb-above-header-display":"","ast-hfb-below-header-display":"","ast-hfb-mobile-header-display":"","site-post-title":"disabled","ast-breadcrumbs-content":"","ast-featured-img":"","footer-sml-layout":"","ast-disable-related-posts":"","theme-transparent-header-meta":"","adv-header-id-meta":"","stick-header-meta":"","header-above-stick-meta":"","header-main-stick-meta":"","header-below-stick-meta":"","astra-migrate-meta-layouts":"set","ast-page-background-enabled":"default","ast-page-background-meta":{"desktop":{"background-color":"","background-image":"","background-repeat":"repeat","background-position":"center center","background-size":"auto","background-attachment":"scroll","background-type":"","background-media":"","overlay-type":"","overlay-color":"","overlay-opacity":"","overlay-gradient":""},"tablet":{"background-color":"","background-image":"","background-repeat":"repeat","background-position":"center center","background-size":"auto","background-attachment":"scroll","background-type":"","background-media":"","overlay-type":"","overlay-color":"","overlay-opacity":"","overlay-gradient":""},"mobile":{"background-color":"","background-image":"","background-repeat":"repeat","background-position":"center center","background-size":"auto","background-attachment":"scroll","background-type":"","background-media":"","overlay-type":"","overlay-color":"","overlay-opacity":"","overlay-gradient":""}},"ast-content-background-meta":{"desktop":{"background-color":"var(--ast-global-color-5)","background-image":"","background-repeat":"repeat","background-position":"center center","background-size":"auto","background-attachment":"scroll","background-type":"","background-media":"","overlay-type":"","overlay-color":"","overlay-opacity":"","overlay-gradient":""},"tablet":{"background-color":"var(--ast-global-color-5)","background-image":"","background-repeat":"repeat","background-position":"center center","background-size":"auto","background-attachment":"scroll","background-type":"","background-media":"","overlay-type":"","overlay-color":"","overlay-opacity":"","overlay-gradient":""},"mobile":{"background-color":"var(--ast-global-color-5)","background-image":"","background-repeat":"repeat","background-position":"center center","background-size":"auto","background-attachment":"scroll","background-type":"","background-media":"","overlay-type":"","overlay-color":"","overlay-opacity":"","overlay-gradient":""}},"iawp_total_views":13,"footnotes":""},"categories":[1],"tags":[],"class_list":["post-5726","post","type-post","status-publish","format-standard","has-post-thumbnail","hentry","category-uncategorized"],"uagb_featured_image_src":{"full":["https:\/\/www.aetomazribeiro.net\/wpress\/wp-content\/uploads\/2025\/11\/20251113_102358.jpg",1500,1125,false],"thumbnail":["https:\/\/www.aetomazribeiro.net\/wpress\/wp-content\/uploads\/2025\/11\/20251113_102358-150x150.jpg",150,150,true],"medium":["https:\/\/www.aetomazribeiro.net\/wpress\/wp-content\/uploads\/2025\/11\/20251113_102358-300x225.jpg",300,225,true],"medium_large":["https:\/\/www.aetomazribeiro.net\/wpress\/wp-content\/uploads\/2025\/11\/20251113_102358-768x576.jpg",768,576,true],"large":["https:\/\/www.aetomazribeiro.net\/wpress\/wp-content\/uploads\/2025\/11\/20251113_102358-1024x768.jpg",1024,768,true],"1536x1536":["https:\/\/www.aetomazribeiro.net\/wpress\/wp-content\/uploads\/2025\/11\/20251113_102358.jpg",1500,1125,false],"2048x2048":["https:\/\/www.aetomazribeiro.net\/wpress\/wp-content\/uploads\/2025\/11\/20251113_102358.jpg",1500,1125,false]},"uagb_author_info":{"display_name":"admin","author_link":"https:\/\/www.aetomazribeiro.net\/wpress\/author\/admin\/"},"uagb_comment_info":0,"uagb_excerpt":"Pense Ind\u00fastria: Pessoas, Digitaliza\u00e7\u00e3o e Sustentabilidade No dia 13 de novembro, no \u00e2mbito do projeto Pense Ind\u00fastria \u2013 Pessoas, Digitaliza\u00e7\u00e3o [&hellip;]","_links":{"self":[{"href":"https:\/\/www.aetomazribeiro.net\/wpress\/wp-json\/wp\/v2\/posts\/5726","targetHints":{"allow":["GET"]}}],"collection":[{"href":"https:\/\/www.aetomazribeiro.net\/wpress\/wp-json\/wp\/v2\/posts"}],"about":[{"href":"https:\/\/www.aetomazribeiro.net\/wpress\/wp-json\/wp\/v2\/types\/post"}],"author":[{"embeddable":true,"href":"https:\/\/www.aetomazribeiro.net\/wpress\/wp-json\/wp\/v2\/users\/1"}],"replies":[{"embeddable":true,"href":"https:\/\/www.aetomazribeiro.net\/wpress\/wp-json\/wp\/v2\/comments?post=5726"}],"version-history":[{"count":0,"href":"https:\/\/www.aetomazribeiro.net\/wpress\/wp-json\/wp\/v2\/posts\/5726\/revisions"}],"wp:featuredmedia":[{"embeddable":true,"href":"https:\/\/www.aetomazribeiro.net\/wpress\/wp-json\/wp\/v2\/media\/5728"}],"wp:attachment":[{"href":"https:\/\/www.aetomazribeiro.net\/wpress\/wp-json\/wp\/v2\/media?parent=5726"}],"wp:term":[{"taxonomy":"category","embeddable":true,"href":"https:\/\/www.aetomazribeiro.net\/wpress\/wp-json\/wp\/v2\/categories?post=5726"},{"taxonomy":"post_tag","embeddable":true,"href":"https:\/\/www.aetomazribeiro.net\/wpress\/wp-json\/wp\/v2\/tags?post=5726"}],"curies":[{"name":"wp","href":"https:\/\/api.w.org\/{rel}","templated":true}]}}