{"id":5702,"date":"2025-11-04T12:15:34","date_gmt":"2025-11-04T12:15:34","guid":{"rendered":"https:\/\/www.aetomazribeiro.net\/wpress\/?p=5702"},"modified":"2025-11-04T12:15:37","modified_gmt":"2025-11-04T12:15:37","slug":"estudantes-de-gestao-promovem-literacia-financeira-no-agrupamento-de-escolas-de-tondela-tomaz-ribeiro","status":"publish","type":"post","link":"https:\/\/www.aetomazribeiro.net\/wpress\/estudantes-de-gestao-promovem-literacia-financeira-no-agrupamento-de-escolas-de-tondela-tomaz-ribeiro\/","title":{"rendered":"Estudantes de Gest\u00e3o promovem literacia financeira no Agrupamento de Escolas de Tondela Tomaz Ribeiro"},"content":{"rendered":"\n<h5 class=\"wp-block-heading has-text-align-center\"><strong>Estudantes de Gest\u00e3o promovem literacia financeira no Agrupamento de Escolas de Tondela Tomaz Ribeiro<\/strong><\/h5>\n\n\n\n<figure class=\"wp-block-image aligncenter size-large\"><a href=\"https:\/\/www.aetomazribeiro.net\/wpress\/wp-content\/uploads\/2025\/11\/AETondelaTomazRibeiro_EducacaoCidadania_DiaMundialPoupanca.jpg\"><img fetchpriority=\"high\" decoding=\"async\" width=\"1024\" height=\"461\" src=\"https:\/\/www.aetomazribeiro.net\/wpress\/wp-content\/uploads\/2025\/11\/AETondelaTomazRibeiro_EducacaoCidadania_DiaMundialPoupanca-1024x461.jpg\" alt=\"\" class=\"wp-image-5703\" style=\"box-shadow:var(--wp--preset--shadow--natural)\" srcset=\"https:\/\/www.aetomazribeiro.net\/wpress\/wp-content\/uploads\/2025\/11\/AETondelaTomazRibeiro_EducacaoCidadania_DiaMundialPoupanca-1024x461.jpg 1024w, https:\/\/www.aetomazribeiro.net\/wpress\/wp-content\/uploads\/2025\/11\/AETondelaTomazRibeiro_EducacaoCidadania_DiaMundialPoupanca-300x135.jpg 300w, https:\/\/www.aetomazribeiro.net\/wpress\/wp-content\/uploads\/2025\/11\/AETondelaTomazRibeiro_EducacaoCidadania_DiaMundialPoupanca-768x346.jpg 768w, https:\/\/www.aetomazribeiro.net\/wpress\/wp-content\/uploads\/2025\/11\/AETondelaTomazRibeiro_EducacaoCidadania_DiaMundialPoupanca.jpg 1200w\" sizes=\"(max-width: 1024px) 100vw, 1024px\" \/><\/a><\/figure>\n\n\n\n<div style=\"height:44px\" aria-hidden=\"true\" class=\"wp-block-spacer\"><\/div>\n\n\n\n<p>No dia 31 de outubro, o Agrupamento de Escolas de Tondela Tomaz Ribeiro (AETTR) recebeu sess\u00f5es de literacia financeira dirigidas a alunos do 3.\u00ba ciclo e do ensino secund\u00e1rio. A iniciativa, promovida pelo Minist\u00e9rio da Educa\u00e7\u00e3o, Ci\u00eancia e Inova\u00e7\u00e3o (MECI) e intitulada \u201cEducar para a Cidadania: Poupar, um Compromisso com o Futuro\u201d, resultou de uma articula\u00e7\u00e3o entre a Estrat\u00e9gia de Educa\u00e7\u00e3o para a Cidadania do Agrupamento de Escolas de Tondela Tomaz Ribeiro e a Escola Superior de Tecnologia e Gest\u00e3o de Viseu (ESTGV), refor\u00e7ando a coopera\u00e7\u00e3o entre o ensino superior e as escolas da regi\u00e3o.<\/p>\n\n\n\n<p>As aulas foram dinamizadas por dois estudantes do curso de Gest\u00e3o de Empresas da ESTGV, que abordaram temas como a poupan\u00e7a, a gest\u00e3o do dinheiro e os cuidados a ter na aplica\u00e7\u00e3o das poupan\u00e7as. Com recurso a exemplos pr\u00e1ticos do quotidiano, os jovens dinamizadores procuraram sensibilizar os alunos para a import\u00e2ncia de planear despesas, evitar consumos impulsivos e definir objetivos financeiros realistas.<\/p>\n\n\n\n<p>O tema central \u2014 a poupan\u00e7a \u2014 enquadra-se na dimens\u00e3o Literacia Financeira e Empreendedorismo da Educa\u00e7\u00e3o da Estrat\u00e9gia Nacional de Educa\u00e7\u00e3o para a Cidadania (ENEC), sublinhando a necessidade de criar h\u00e1bitos respons\u00e1veis desde cedo e alertando para os riscos associados ao cr\u00e9dito e \u00e0 aplica\u00e7\u00e3o pouco informada do dinheiro.<\/p>\n\n\n\n<p class=\"has-text-align-right\">Hugo Moita<\/p>\n\n\n\n<p class=\"has-text-align-right\">Coordenador da Estrat\u00e9gia de Educa\u00e7\u00e3o para a Cidadania do Agrupamento de Escolas de Tondela Tomaz Ribeiro<\/p>\n\n\n\n<p><\/p>\n","protected":false},"excerpt":{"rendered":"<p>Estudantes de Gest\u00e3o promovem literacia financeira no Agrupamento de Escolas de Tondela Tomaz Ribeiro No dia 31 de outubro, o [&hellip;]<\/p>\n","protected":false},"author":1,"featured_media":5703,"comment_status":"open","ping_status":"open","sticky":false,"template":"","format":"standard","meta":{"_uag_custom_page_level_css":"","site-sidebar-layout":"default","site-content-layout":"","ast-site-content-layout":"default","site-content-style":"default","site-sidebar-style":"default","ast-global-header-display":"","ast-banner-title-visibility":"","ast-main-header-display":"","ast-hfb-above-header-display":"","ast-hfb-below-header-display":"","ast-hfb-mobile-header-display":"","site-post-title":"disabled","ast-breadcrumbs-content":"","ast-featured-img":"","footer-sml-layout":"","ast-disable-related-posts":"","theme-transparent-header-meta":"","adv-header-id-meta":"","stick-header-meta":"","header-above-stick-meta":"","header-main-stick-meta":"","header-below-stick-meta":"","astra-migrate-meta-layouts":"set","ast-page-background-enabled":"default","ast-page-background-meta":{"desktop":{"background-color":"","background-image":"","background-repeat":"repeat","background-position":"center center","background-size":"auto","background-attachment":"scroll","background-type":"","background-media":"","overlay-type":"","overlay-color":"","overlay-opacity":"","overlay-gradient":""},"tablet":{"background-color":"","background-image":"","background-repeat":"repeat","background-position":"center center","background-size":"auto","background-attachment":"scroll","background-type":"","background-media":"","overlay-type":"","overlay-color":"","overlay-opacity":"","overlay-gradient":""},"mobile":{"background-color":"","background-image":"","background-repeat":"repeat","background-position":"center center","background-size":"auto","background-attachment":"scroll","background-type":"","background-media":"","overlay-type":"","overlay-color":"","overlay-opacity":"","overlay-gradient":""}},"ast-content-background-meta":{"desktop":{"background-color":"var(--ast-global-color-5)","background-image":"","background-repeat":"repeat","background-position":"center center","background-size":"auto","background-attachment":"scroll","background-type":"","background-media":"","overlay-type":"","overlay-color":"","overlay-opacity":"","overlay-gradient":""},"tablet":{"background-color":"var(--ast-global-color-5)","background-image":"","background-repeat":"repeat","background-position":"center center","background-size":"auto","background-attachment":"scroll","background-type":"","background-media":"","overlay-type":"","overlay-color":"","overlay-opacity":"","overlay-gradient":""},"mobile":{"background-color":"var(--ast-global-color-5)","background-image":"","background-repeat":"repeat","background-position":"center center","background-size":"auto","background-attachment":"scroll","background-type":"","background-media":"","overlay-type":"","overlay-color":"","overlay-opacity":"","overlay-gradient":""}},"iawp_total_views":17,"footnotes":""},"categories":[1],"tags":[],"class_list":["post-5702","post","type-post","status-publish","format-standard","has-post-thumbnail","hentry","category-uncategorized"],"uagb_featured_image_src":{"full":["https:\/\/www.aetomazribeiro.net\/wpress\/wp-content\/uploads\/2025\/11\/AETondelaTomazRibeiro_EducacaoCidadania_DiaMundialPoupanca.jpg",1200,540,false],"thumbnail":["https:\/\/www.aetomazribeiro.net\/wpress\/wp-content\/uploads\/2025\/11\/AETondelaTomazRibeiro_EducacaoCidadania_DiaMundialPoupanca-150x150.jpg",150,150,true],"medium":["https:\/\/www.aetomazribeiro.net\/wpress\/wp-content\/uploads\/2025\/11\/AETondelaTomazRibeiro_EducacaoCidadania_DiaMundialPoupanca-300x135.jpg",300,135,true],"medium_large":["https:\/\/www.aetomazribeiro.net\/wpress\/wp-content\/uploads\/2025\/11\/AETondelaTomazRibeiro_EducacaoCidadania_DiaMundialPoupanca-768x346.jpg",768,346,true],"large":["https:\/\/www.aetomazribeiro.net\/wpress\/wp-content\/uploads\/2025\/11\/AETondelaTomazRibeiro_EducacaoCidadania_DiaMundialPoupanca-1024x461.jpg",1024,461,true],"1536x1536":["https:\/\/www.aetomazribeiro.net\/wpress\/wp-content\/uploads\/2025\/11\/AETondelaTomazRibeiro_EducacaoCidadania_DiaMundialPoupanca.jpg",1200,540,false],"2048x2048":["https:\/\/www.aetomazribeiro.net\/wpress\/wp-content\/uploads\/2025\/11\/AETondelaTomazRibeiro_EducacaoCidadania_DiaMundialPoupanca.jpg",1200,540,false]},"uagb_author_info":{"display_name":"admin","author_link":"https:\/\/www.aetomazribeiro.net\/wpress\/author\/admin\/"},"uagb_comment_info":0,"uagb_excerpt":"Estudantes de Gest\u00e3o promovem literacia financeira no Agrupamento de Escolas de Tondela Tomaz Ribeiro No dia 31 de outubro, o [&hellip;]","_links":{"self":[{"href":"https:\/\/www.aetomazribeiro.net\/wpress\/wp-json\/wp\/v2\/posts\/5702","targetHints":{"allow":["GET"]}}],"collection":[{"href":"https:\/\/www.aetomazribeiro.net\/wpress\/wp-json\/wp\/v2\/posts"}],"about":[{"href":"https:\/\/www.aetomazribeiro.net\/wpress\/wp-json\/wp\/v2\/types\/post"}],"author":[{"embeddable":true,"href":"https:\/\/www.aetomazribeiro.net\/wpress\/wp-json\/wp\/v2\/users\/1"}],"replies":[{"embeddable":true,"href":"https:\/\/www.aetomazribeiro.net\/wpress\/wp-json\/wp\/v2\/comments?post=5702"}],"version-history":[{"count":0,"href":"https:\/\/www.aetomazribeiro.net\/wpress\/wp-json\/wp\/v2\/posts\/5702\/revisions"}],"wp:featuredmedia":[{"embeddable":true,"href":"https:\/\/www.aetomazribeiro.net\/wpress\/wp-json\/wp\/v2\/media\/5703"}],"wp:attachment":[{"href":"https:\/\/www.aetomazribeiro.net\/wpress\/wp-json\/wp\/v2\/media?parent=5702"}],"wp:term":[{"taxonomy":"category","embeddable":true,"href":"https:\/\/www.aetomazribeiro.net\/wpress\/wp-json\/wp\/v2\/categories?post=5702"},{"taxonomy":"post_tag","embeddable":true,"href":"https:\/\/www.aetomazribeiro.net\/wpress\/wp-json\/wp\/v2\/tags?post=5702"}],"curies":[{"name":"wp","href":"https:\/\/api.w.org\/{rel}","templated":true}]}}