{"id":5698,"date":"2025-11-04T12:09:36","date_gmt":"2025-11-04T12:09:36","guid":{"rendered":"https:\/\/www.aetomazribeiro.net\/wpress\/?p=5698"},"modified":"2025-11-04T12:11:16","modified_gmt":"2025-11-04T12:11:16","slug":"corta-mato-escolar","status":"publish","type":"post","link":"https:\/\/www.aetomazribeiro.net\/wpress\/corta-mato-escolar\/","title":{"rendered":"Corta-Mato Escolar"},"content":{"rendered":"\n<h3 class=\"wp-block-heading has-text-align-center\"><strong>Corta-Mato Escolar<\/strong><\/h3>\n\n\n\n<figure class=\"wp-block-image aligncenter size-large is-resized\"><a href=\"https:\/\/www.aetomazribeiro.net\/wpress\/wp-content\/uploads\/2025\/11\/IMG-20251008-WA0042.jpg\"><img fetchpriority=\"high\" decoding=\"async\" width=\"768\" height=\"1024\" src=\"https:\/\/www.aetomazribeiro.net\/wpress\/wp-content\/uploads\/2025\/11\/IMG-20251008-WA0042-768x1024.jpg\" alt=\"\" class=\"wp-image-5699\" style=\"box-shadow:var(--wp--preset--shadow--natural);width:594px;height:auto\" srcset=\"https:\/\/www.aetomazribeiro.net\/wpress\/wp-content\/uploads\/2025\/11\/IMG-20251008-WA0042-768x1024.jpg 768w, https:\/\/www.aetomazribeiro.net\/wpress\/wp-content\/uploads\/2025\/11\/IMG-20251008-WA0042-225x300.jpg 225w, https:\/\/www.aetomazribeiro.net\/wpress\/wp-content\/uploads\/2025\/11\/IMG-20251008-WA0042-1152x1536.jpg 1152w, https:\/\/www.aetomazribeiro.net\/wpress\/wp-content\/uploads\/2025\/11\/IMG-20251008-WA0042.jpg 1200w\" sizes=\"(max-width: 768px) 100vw, 768px\" \/><\/a><\/figure>\n\n\n\n<div style=\"height:100px\" aria-hidden=\"true\" class=\"wp-block-spacer\"><\/div>\n\n\n\n<p>No \u00e2mbito do Desporto Escolar, o Agrupamento de Escolas Tondela Tom\u00e1s Ribeiro realizou o tradicional Corta-Mato Escolar nas tr\u00eas escolas do agrupamento.<\/p>\n\n\n\n<p>Na escola sede, a prova decorreu no dia 8 de outubro, com a participa\u00e7\u00e3o de 73 alunos, 25 meninas e 48 rapazes, dos quais 52 frequentam o 3\u00ba ciclo e os restantes o ensino secund\u00e1rio. A iniciativa contou com a organiza\u00e7\u00e3o de todos os professores do departamento, a colabora\u00e7\u00e3o do Munic\u00edpio de Tondela, o policiamento dos agentes de seguran\u00e7a da GNR e o apoio de professores e alunos que assistiram \u00e0 prova.<\/p>\n\n\n\n<p>Na Escola B\u00e1sica de Campo de Besteiros, a fase escolar realizou-se no dia 15 de outubro. Nesta atividade participaram 144 alunos, do 3\u00ba ao 9\u00ba ano, com o apoio de 24 docentes, colocados estrategicamente em v\u00e1rios pontos do percurso, onde desempenharam as suas fun\u00e7\u00f5es com grande profissionalismo. Destaca-se tamb\u00e9m a contribui\u00e7\u00e3o de um grupo de alunos e assistentes operacionais, essenciais para o sucesso da corrida. Foi uma manh\u00e3 marcada pelo conv\u00edvio, supera\u00e7\u00e3o e promo\u00e7\u00e3o de um estilo de vida saud\u00e1vel. No final, foram enviados os respetivos agradecimentos \u00e0s entidades que colaboraram e contribu\u00edram para o \u00eaxito da atividade.<\/p>\n\n\n\n<p>Na EB do Caramulo, a prova decorreu no dia 27 de outubro, com a participa\u00e7\u00e3o de 80 alunos, desde o Jardim de Inf\u00e2ncia at\u00e9 ao 9\u00ba ano de escolaridade. Os alunos correram em percursos distintos, realizados nas imedia\u00e7\u00f5es da escola, com dist\u00e2ncias adequadas a cada escal\u00e3o et\u00e1rio. A atividade s\u00f3 foi poss\u00edvel gra\u00e7as \u00e0 colabora\u00e7\u00e3o dos professores, alunos, agentes de seguran\u00e7a e aos auxiliares de a\u00e7\u00e3o educativa do estabelecimento. O resultado foi uma bela manh\u00e3 soalheira, repleta de atividade f\u00edsica, conv\u00edvio e intera\u00e7\u00e3o entre todos. Para o pr\u00f3ximo ano haver\u00e1 mais!<\/p>\n\n\n\n<p>Desta fase escolar ser\u00e3o apurados alguns alunos de cada escola para a fase distrital, que habitualmente se realiza no Parque do Fontelo, em Viseu, em data a determinar.<\/p>\n\n\n\n<p><\/p>\n","protected":false},"excerpt":{"rendered":"<p>Corta-Mato Escolar No \u00e2mbito do Desporto Escolar, o Agrupamento de Escolas Tondela Tom\u00e1s Ribeiro realizou o tradicional Corta-Mato Escolar nas [&hellip;]<\/p>\n","protected":false},"author":1,"featured_media":5699,"comment_status":"open","ping_status":"open","sticky":false,"template":"","format":"standard","meta":{"_uag_custom_page_level_css":"","site-sidebar-layout":"default","site-content-layout":"","ast-site-content-layout":"default","site-content-style":"default","site-sidebar-style":"default","ast-global-header-display":"","ast-banner-title-visibility":"","ast-main-header-display":"","ast-hfb-above-header-display":"","ast-hfb-below-header-display":"","ast-hfb-mobile-header-display":"","site-post-title":"disabled","ast-breadcrumbs-content":"","ast-featured-img":"","footer-sml-layout":"","ast-disable-related-posts":"","theme-transparent-header-meta":"","adv-header-id-meta":"","stick-header-meta":"","header-above-stick-meta":"","header-main-stick-meta":"","header-below-stick-meta":"","astra-migrate-meta-layouts":"set","ast-page-background-enabled":"default","ast-page-background-meta":{"desktop":{"background-color":"","background-image":"","background-repeat":"repeat","background-position":"center center","background-size":"auto","background-attachment":"scroll","background-type":"","background-media":"","overlay-type":"","overlay-color":"","overlay-opacity":"","overlay-gradient":""},"tablet":{"background-color":"","background-image":"","background-repeat":"repeat","background-position":"center center","background-size":"auto","background-attachment":"scroll","background-type":"","background-media":"","overlay-type":"","overlay-color":"","overlay-opacity":"","overlay-gradient":""},"mobile":{"background-color":"","background-image":"","background-repeat":"repeat","background-position":"center center","background-size":"auto","background-attachment":"scroll","background-type":"","background-media":"","overlay-type":"","overlay-color":"","overlay-opacity":"","overlay-gradient":""}},"ast-content-background-meta":{"desktop":{"background-color":"var(--ast-global-color-5)","background-image":"","background-repeat":"repeat","background-position":"center center","background-size":"auto","background-attachment":"scroll","background-type":"","background-media":"","overlay-type":"","overlay-color":"","overlay-opacity":"","overlay-gradient":""},"tablet":{"background-color":"var(--ast-global-color-5)","background-image":"","background-repeat":"repeat","background-position":"center center","background-size":"auto","background-attachment":"scroll","background-type":"","background-media":"","overlay-type":"","overlay-color":"","overlay-opacity":"","overlay-gradient":""},"mobile":{"background-color":"var(--ast-global-color-5)","background-image":"","background-repeat":"repeat","background-position":"center center","background-size":"auto","background-attachment":"scroll","background-type":"","background-media":"","overlay-type":"","overlay-color":"","overlay-opacity":"","overlay-gradient":""}},"iawp_total_views":35,"footnotes":""},"categories":[1],"tags":[],"class_list":["post-5698","post","type-post","status-publish","format-standard","has-post-thumbnail","hentry","category-uncategorized"],"uagb_featured_image_src":{"full":["https:\/\/www.aetomazribeiro.net\/wpress\/wp-content\/uploads\/2025\/11\/IMG-20251008-WA0042.jpg",1200,1600,false],"thumbnail":["https:\/\/www.aetomazribeiro.net\/wpress\/wp-content\/uploads\/2025\/11\/IMG-20251008-WA0042-150x150.jpg",150,150,true],"medium":["https:\/\/www.aetomazribeiro.net\/wpress\/wp-content\/uploads\/2025\/11\/IMG-20251008-WA0042-225x300.jpg",225,300,true],"medium_large":["https:\/\/www.aetomazribeiro.net\/wpress\/wp-content\/uploads\/2025\/11\/IMG-20251008-WA0042-768x1024.jpg",768,1024,true],"large":["https:\/\/www.aetomazribeiro.net\/wpress\/wp-content\/uploads\/2025\/11\/IMG-20251008-WA0042-768x1024.jpg",768,1024,true],"1536x1536":["https:\/\/www.aetomazribeiro.net\/wpress\/wp-content\/uploads\/2025\/11\/IMG-20251008-WA0042-1152x1536.jpg",1152,1536,true],"2048x2048":["https:\/\/www.aetomazribeiro.net\/wpress\/wp-content\/uploads\/2025\/11\/IMG-20251008-WA0042.jpg",1200,1600,false]},"uagb_author_info":{"display_name":"admin","author_link":"https:\/\/www.aetomazribeiro.net\/wpress\/author\/admin\/"},"uagb_comment_info":0,"uagb_excerpt":"Corta-Mato Escolar No \u00e2mbito do Desporto Escolar, o Agrupamento de Escolas Tondela Tom\u00e1s Ribeiro realizou o tradicional Corta-Mato Escolar nas [&hellip;]","_links":{"self":[{"href":"https:\/\/www.aetomazribeiro.net\/wpress\/wp-json\/wp\/v2\/posts\/5698","targetHints":{"allow":["GET"]}}],"collection":[{"href":"https:\/\/www.aetomazribeiro.net\/wpress\/wp-json\/wp\/v2\/posts"}],"about":[{"href":"https:\/\/www.aetomazribeiro.net\/wpress\/wp-json\/wp\/v2\/types\/post"}],"author":[{"embeddable":true,"href":"https:\/\/www.aetomazribeiro.net\/wpress\/wp-json\/wp\/v2\/users\/1"}],"replies":[{"embeddable":true,"href":"https:\/\/www.aetomazribeiro.net\/wpress\/wp-json\/wp\/v2\/comments?post=5698"}],"version-history":[{"count":0,"href":"https:\/\/www.aetomazribeiro.net\/wpress\/wp-json\/wp\/v2\/posts\/5698\/revisions"}],"wp:featuredmedia":[{"embeddable":true,"href":"https:\/\/www.aetomazribeiro.net\/wpress\/wp-json\/wp\/v2\/media\/5699"}],"wp:attachment":[{"href":"https:\/\/www.aetomazribeiro.net\/wpress\/wp-json\/wp\/v2\/media?parent=5698"}],"wp:term":[{"taxonomy":"category","embeddable":true,"href":"https:\/\/www.aetomazribeiro.net\/wpress\/wp-json\/wp\/v2\/categories?post=5698"},{"taxonomy":"post_tag","embeddable":true,"href":"https:\/\/www.aetomazribeiro.net\/wpress\/wp-json\/wp\/v2\/tags?post=5698"}],"curies":[{"name":"wp","href":"https:\/\/api.w.org\/{rel}","templated":true}]}}