{"id":5673,"date":"2025-10-31T09:45:53","date_gmt":"2025-10-31T09:45:53","guid":{"rendered":"https:\/\/www.aetomazribeiro.net\/wpress\/?p=5673"},"modified":"2025-10-31T09:46:44","modified_gmt":"2025-10-31T09:46:44","slug":"dia-mundial-da-alimentacao-2025-eb-do-caramulo","status":"publish","type":"post","link":"https:\/\/www.aetomazribeiro.net\/wpress\/dia-mundial-da-alimentacao-2025-eb-do-caramulo\/","title":{"rendered":"Dia Mundial da Alimenta\u00e7\u00e3o 2025- EB do Caramulo"},"content":{"rendered":"\n<h3 class=\"wp-block-heading has-text-align-center\"><strong>Dia Mundial da Alimenta\u00e7\u00e3o 2025 &#8211; EB do Caramulo<\/strong><\/h3>\n\n\n\n<figure class=\"wp-block-image aligncenter size-large is-resized\"><img fetchpriority=\"high\" decoding=\"async\" width=\"1024\" height=\"1024\" src=\"https:\/\/www.aetomazribeiro.net\/wpress\/wp-content\/uploads\/2025\/10\/Dia-Mundial-Alimentacao-EB-Caramulo-1024x1024.jpg\" alt=\"\" class=\"wp-image-5674\" style=\"box-shadow:var(--wp--preset--shadow--natural);width:796px;height:auto\" srcset=\"https:\/\/www.aetomazribeiro.net\/wpress\/wp-content\/uploads\/2025\/10\/Dia-Mundial-Alimentacao-EB-Caramulo-1024x1024.jpg 1024w, https:\/\/www.aetomazribeiro.net\/wpress\/wp-content\/uploads\/2025\/10\/Dia-Mundial-Alimentacao-EB-Caramulo-300x300.jpg 300w, https:\/\/www.aetomazribeiro.net\/wpress\/wp-content\/uploads\/2025\/10\/Dia-Mundial-Alimentacao-EB-Caramulo-150x150.jpg 150w, https:\/\/www.aetomazribeiro.net\/wpress\/wp-content\/uploads\/2025\/10\/Dia-Mundial-Alimentacao-EB-Caramulo-768x768.jpg 768w, https:\/\/www.aetomazribeiro.net\/wpress\/wp-content\/uploads\/2025\/10\/Dia-Mundial-Alimentacao-EB-Caramulo-1536x1536.jpg 1536w, https:\/\/www.aetomazribeiro.net\/wpress\/wp-content\/uploads\/2025\/10\/Dia-Mundial-Alimentacao-EB-Caramulo.jpg 1600w\" sizes=\"(max-width: 1024px) 100vw, 1024px\" \/><\/figure>\n\n\n\n<div style=\"height:60px\" aria-hidden=\"true\" class=\"wp-block-spacer\"><\/div>\n\n\n\n<p>No dia <strong>16 de outubro<\/strong> celebra-se anualmente o <strong>Dia Mundial da Alimenta\u00e7\u00e3o<\/strong>. Esta data foi sinalizada na <strong>Escola B\u00e1sica do Caramulo<\/strong>, com uma atividade de articula\u00e7\u00e3o vertical que contou com a participa\u00e7\u00e3o dos alunos de todos os ciclos. Para a realiza\u00e7\u00e3o da atividade teve-se em conta as Aprendizagens Essenciais, Referencial de Educa\u00e7\u00e3o para a Sa\u00fade, bem como as orienta\u00e7\u00f5es da Organiza\u00e7\u00e3o Mundial de Sa\u00fade.<\/p>\n\n\n\n<p>Os alunos do 1\u00ba CEB tiveram a possibilidade de realizar diversas tarefas de motricidade global e fina, aliadas a quest\u00f5es relacionadas com a Roda dos Alimentos e fizeram espetadas de fruta para degusta\u00e7\u00e3o.&nbsp;<\/p>\n\n\n\n<p>Os alunos do 5\u00ba C realizaram uma recolha de receitas que utilizaram sobras de alimentos, com o objetivo de se sensibilizarem para o problema do desperd\u00edcio alimentar. Posteriormente, confecionaram bolinhos de arroz e cascas de batatas fritas, contando com a colabora\u00e7\u00e3o da av\u00f3 de um dos alunos. A restante comunidade esteve envolvida na constru\u00e7\u00e3o de uma Roda de Alimenta\u00e7\u00e3o f\u00edsica que ficou exposta nos dias seguintes no \u00e1trio da escola.&nbsp;<\/p>\n\n\n\n<p>Foi um dia de aprendizagem para que n\u00e3o nos esque\u00e7amos que a alimenta\u00e7\u00e3o deve ser&nbsp;<em>Completa, Equilibrada<\/em>&nbsp;e&nbsp;<em>Variada<\/em>!!!!<\/p>\n","protected":false},"excerpt":{"rendered":"<p>Dia Mundial da Alimenta\u00e7\u00e3o 2025 &#8211; EB do Caramulo No dia 16 de outubro celebra-se anualmente o Dia Mundial da [&hellip;]<\/p>\n","protected":false},"author":1,"featured_media":5674,"comment_status":"open","ping_status":"open","sticky":false,"template":"","format":"standard","meta":{"_uag_custom_page_level_css":"","site-sidebar-layout":"default","site-content-layout":"","ast-site-content-layout":"default","site-content-style":"default","site-sidebar-style":"default","ast-global-header-display":"","ast-banner-title-visibility":"","ast-main-header-display":"","ast-hfb-above-header-display":"","ast-hfb-below-header-display":"","ast-hfb-mobile-header-display":"","site-post-title":"disabled","ast-breadcrumbs-content":"","ast-featured-img":"","footer-sml-layout":"","ast-disable-related-posts":"","theme-transparent-header-meta":"","adv-header-id-meta":"","stick-header-meta":"","header-above-stick-meta":"","header-main-stick-meta":"","header-below-stick-meta":"","astra-migrate-meta-layouts":"set","ast-page-background-enabled":"default","ast-page-background-meta":{"desktop":{"background-color":"","background-image":"","background-repeat":"repeat","background-position":"center center","background-size":"auto","background-attachment":"scroll","background-type":"","background-media":"","overlay-type":"","overlay-color":"","overlay-opacity":"","overlay-gradient":""},"tablet":{"background-color":"","background-image":"","background-repeat":"repeat","background-position":"center center","background-size":"auto","background-attachment":"scroll","background-type":"","background-media":"","overlay-type":"","overlay-color":"","overlay-opacity":"","overlay-gradient":""},"mobile":{"background-color":"","background-image":"","background-repeat":"repeat","background-position":"center center","background-size":"auto","background-attachment":"scroll","background-type":"","background-media":"","overlay-type":"","overlay-color":"","overlay-opacity":"","overlay-gradient":""}},"ast-content-background-meta":{"desktop":{"background-color":"var(--ast-global-color-5)","background-image":"","background-repeat":"repeat","background-position":"center center","background-size":"auto","background-attachment":"scroll","background-type":"","background-media":"","overlay-type":"","overlay-color":"","overlay-opacity":"","overlay-gradient":""},"tablet":{"background-color":"var(--ast-global-color-5)","background-image":"","background-repeat":"repeat","background-position":"center center","background-size":"auto","background-attachment":"scroll","background-type":"","background-media":"","overlay-type":"","overlay-color":"","overlay-opacity":"","overlay-gradient":""},"mobile":{"background-color":"var(--ast-global-color-5)","background-image":"","background-repeat":"repeat","background-position":"center center","background-size":"auto","background-attachment":"scroll","background-type":"","background-media":"","overlay-type":"","overlay-color":"","overlay-opacity":"","overlay-gradient":""}},"iawp_total_views":11,"footnotes":""},"categories":[1],"tags":[],"class_list":["post-5673","post","type-post","status-publish","format-standard","has-post-thumbnail","hentry","category-uncategorized"],"uagb_featured_image_src":{"full":["https:\/\/www.aetomazribeiro.net\/wpress\/wp-content\/uploads\/2025\/10\/Dia-Mundial-Alimentacao-EB-Caramulo.jpg",1600,1600,false],"thumbnail":["https:\/\/www.aetomazribeiro.net\/wpress\/wp-content\/uploads\/2025\/10\/Dia-Mundial-Alimentacao-EB-Caramulo-150x150.jpg",150,150,true],"medium":["https:\/\/www.aetomazribeiro.net\/wpress\/wp-content\/uploads\/2025\/10\/Dia-Mundial-Alimentacao-EB-Caramulo-300x300.jpg",300,300,true],"medium_large":["https:\/\/www.aetomazribeiro.net\/wpress\/wp-content\/uploads\/2025\/10\/Dia-Mundial-Alimentacao-EB-Caramulo-768x768.jpg",768,768,true],"large":["https:\/\/www.aetomazribeiro.net\/wpress\/wp-content\/uploads\/2025\/10\/Dia-Mundial-Alimentacao-EB-Caramulo-1024x1024.jpg",1024,1024,true],"1536x1536":["https:\/\/www.aetomazribeiro.net\/wpress\/wp-content\/uploads\/2025\/10\/Dia-Mundial-Alimentacao-EB-Caramulo-1536x1536.jpg",1536,1536,true],"2048x2048":["https:\/\/www.aetomazribeiro.net\/wpress\/wp-content\/uploads\/2025\/10\/Dia-Mundial-Alimentacao-EB-Caramulo.jpg",1600,1600,false]},"uagb_author_info":{"display_name":"admin","author_link":"https:\/\/www.aetomazribeiro.net\/wpress\/author\/admin\/"},"uagb_comment_info":0,"uagb_excerpt":"Dia Mundial da Alimenta\u00e7\u00e3o 2025 &#8211; EB do Caramulo No dia 16 de outubro celebra-se anualmente o Dia Mundial da [&hellip;]","_links":{"self":[{"href":"https:\/\/www.aetomazribeiro.net\/wpress\/wp-json\/wp\/v2\/posts\/5673","targetHints":{"allow":["GET"]}}],"collection":[{"href":"https:\/\/www.aetomazribeiro.net\/wpress\/wp-json\/wp\/v2\/posts"}],"about":[{"href":"https:\/\/www.aetomazribeiro.net\/wpress\/wp-json\/wp\/v2\/types\/post"}],"author":[{"embeddable":true,"href":"https:\/\/www.aetomazribeiro.net\/wpress\/wp-json\/wp\/v2\/users\/1"}],"replies":[{"embeddable":true,"href":"https:\/\/www.aetomazribeiro.net\/wpress\/wp-json\/wp\/v2\/comments?post=5673"}],"version-history":[{"count":0,"href":"https:\/\/www.aetomazribeiro.net\/wpress\/wp-json\/wp\/v2\/posts\/5673\/revisions"}],"wp:featuredmedia":[{"embeddable":true,"href":"https:\/\/www.aetomazribeiro.net\/wpress\/wp-json\/wp\/v2\/media\/5674"}],"wp:attachment":[{"href":"https:\/\/www.aetomazribeiro.net\/wpress\/wp-json\/wp\/v2\/media?parent=5673"}],"wp:term":[{"taxonomy":"category","embeddable":true,"href":"https:\/\/www.aetomazribeiro.net\/wpress\/wp-json\/wp\/v2\/categories?post=5673"},{"taxonomy":"post_tag","embeddable":true,"href":"https:\/\/www.aetomazribeiro.net\/wpress\/wp-json\/wp\/v2\/tags?post=5673"}],"curies":[{"name":"wp","href":"https:\/\/api.w.org\/{rel}","templated":true}]}}