{"id":5487,"date":"2025-09-10T18:26:52","date_gmt":"2025-09-10T18:26:52","guid":{"rendered":"https:\/\/www.aetomazribeiro.net\/wpress\/?p=5487"},"modified":"2025-09-10T18:27:45","modified_gmt":"2025-09-10T18:27:45","slug":"bootcamp-internacional-em-dublin","status":"publish","type":"post","link":"https:\/\/www.aetomazribeiro.net\/wpress\/bootcamp-internacional-em-dublin\/","title":{"rendered":"Bootcamp Internacional em Dublin"},"content":{"rendered":"\n<h2 class=\"wp-block-heading has-text-align-center\"><strong>Bootcamp Internacional em Dublin<\/strong><\/h2>\n\n\n\n<div style=\"height:53px\" aria-hidden=\"true\" class=\"wp-block-spacer\"><\/div>\n\n\n\n<figure class=\"wp-block-image aligncenter size-large is-resized\"><a href=\"https:\/\/www.aetomazribeiro.net\/wpress\/wp-content\/uploads\/2025\/09\/ph1.jpeg\"><img fetchpriority=\"high\" decoding=\"async\" width=\"768\" height=\"1024\" src=\"https:\/\/www.aetomazribeiro.net\/wpress\/wp-content\/uploads\/2025\/09\/ph1-768x1024.jpeg\" alt=\"\" class=\"wp-image-5488\" style=\"box-shadow:var(--wp--preset--shadow--natural);width:400px;height:auto\" srcset=\"https:\/\/www.aetomazribeiro.net\/wpress\/wp-content\/uploads\/2025\/09\/ph1-768x1024.jpeg 768w, https:\/\/www.aetomazribeiro.net\/wpress\/wp-content\/uploads\/2025\/09\/ph1-225x300.jpeg 225w, https:\/\/www.aetomazribeiro.net\/wpress\/wp-content\/uploads\/2025\/09\/ph1-1152x1536.jpeg 1152w, https:\/\/www.aetomazribeiro.net\/wpress\/wp-content\/uploads\/2025\/09\/ph1.jpeg 1200w\" sizes=\"(max-width: 768px) 100vw, 768px\" \/><\/a><\/figure>\n\n\n\n<div style=\"height:53px\" aria-hidden=\"true\" class=\"wp-block-spacer\"><\/div>\n\n\n\n<p>O professor Paulo Nogueira e os alunos Renato Fernandes e Guilherme Figueiredo do 2\u00baano do Curso Profissional de Inform\u00e1tica \u2013 Instala\u00e7\u00e3o e Gest\u00e3o de Redes da EST, vencedores do concurso Wanted Cim D\u00e3o Laf\u00f5es &#8211; Escolas Empreendedoras estiveram entre os dias 6 e 9 de setembro no Bootcamp Internacional em Dublin.&nbsp;<\/p>\n\n\n\n<figure class=\"wp-block-image aligncenter size-large is-resized\"><a href=\"https:\/\/www.aetomazribeiro.net\/wpress\/wp-content\/uploads\/2025\/09\/ph2-edited.jpeg\"><img decoding=\"async\" width=\"1363\" height=\"1022\" src=\"https:\/\/www.aetomazribeiro.net\/wpress\/wp-content\/uploads\/2025\/09\/ph2-edited.jpeg\" alt=\"\" class=\"wp-image-5490\" style=\"box-shadow:var(--wp--preset--shadow--natural);width:879px;height:auto\" srcset=\"https:\/\/www.aetomazribeiro.net\/wpress\/wp-content\/uploads\/2025\/09\/ph2-edited.jpeg 1363w, https:\/\/www.aetomazribeiro.net\/wpress\/wp-content\/uploads\/2025\/09\/ph2-edited-300x225.jpeg 300w, https:\/\/www.aetomazribeiro.net\/wpress\/wp-content\/uploads\/2025\/09\/ph2-edited-1024x768.jpeg 1024w, https:\/\/www.aetomazribeiro.net\/wpress\/wp-content\/uploads\/2025\/09\/ph2-edited-768x576.jpeg 768w\" sizes=\"(max-width: 1363px) 100vw, 1363px\" \/><\/a><\/figure>\n\n\n\n<div style=\"height:53px\" aria-hidden=\"true\" class=\"wp-block-spacer\"><\/div>\n\n\n\n<p>Primeiro dia: Visita \u00e0 Dublin medieval e viking no Museu Dublinia, almo\u00e7o no Hard Rock Caf\u00e9 Dublin; visita ao Museu de Cera e o EPIC &#8211; Museu da Emigra\u00e7\u00e3o Irlandesa. Explorar a p\u00e9 as ruas de Temple Bar e ainda tour panor\u00e2mico pela cidade.<\/p>\n\n\n\n<p>O segundo dia: come\u00e7ou na ic\u00f3nica Guinness Storehouse, seguiu com um walking tour por locais emblem\u00e1ticos como o Parque St. Patrick, Castelo de Dublin, The Spire e o Dublin Portal, com almo\u00e7o junto \u00e0 est\u00e1tua da Molly Malone , por fim visita ao campus da prestigiada Trinity College Dublin.\u00a0<\/p>\n\n\n\n<figure class=\"wp-block-image aligncenter size-large is-resized\"><a href=\"https:\/\/www.aetomazribeiro.net\/wpress\/wp-content\/uploads\/2025\/09\/ph3.jpeg\"><img decoding=\"async\" width=\"768\" height=\"1024\" src=\"https:\/\/www.aetomazribeiro.net\/wpress\/wp-content\/uploads\/2025\/09\/ph3-768x1024.jpeg\" alt=\"\" class=\"wp-image-5491\" style=\"box-shadow:var(--wp--preset--shadow--natural);width:528px;height:auto\" srcset=\"https:\/\/www.aetomazribeiro.net\/wpress\/wp-content\/uploads\/2025\/09\/ph3-768x1024.jpeg 768w, https:\/\/www.aetomazribeiro.net\/wpress\/wp-content\/uploads\/2025\/09\/ph3-225x300.jpeg 225w, https:\/\/www.aetomazribeiro.net\/wpress\/wp-content\/uploads\/2025\/09\/ph3-1152x1536.jpeg 1152w, https:\/\/www.aetomazribeiro.net\/wpress\/wp-content\/uploads\/2025\/09\/ph3.jpeg 1200w\" sizes=\"(max-width: 768px) 100vw, 768px\" \/><\/a><\/figure>\n\n\n\n<div style=\"height:53px\" aria-hidden=\"true\" class=\"wp-block-spacer\"><\/div>\n\n\n\n<p>Terceiro dia: visita ao campus universit\u00e1rio UCD, \u00e0s empresas tecnol\u00f3gicas Salesforce e Oracle. No \u00faltimo dia tempo para visita aos pontos tur\u00edsticos de Dublin.<\/p>\n\n\n\n<p><\/p>\n","protected":false},"excerpt":{"rendered":"<p>Bootcamp Internacional em Dublin O professor Paulo Nogueira e os alunos Renato Fernandes e Guilherme Figueiredo do 2\u00baano do Curso [&hellip;]<\/p>\n","protected":false},"author":1,"featured_media":5488,"comment_status":"open","ping_status":"open","sticky":false,"template":"","format":"standard","meta":{"_uag_custom_page_level_css":"","site-sidebar-layout":"default","site-content-layout":"","ast-site-content-layout":"default","site-content-style":"default","site-sidebar-style":"default","ast-global-header-display":"","ast-banner-title-visibility":"","ast-main-header-display":"","ast-hfb-above-header-display":"","ast-hfb-below-header-display":"","ast-hfb-mobile-header-display":"","site-post-title":"disabled","ast-breadcrumbs-content":"","ast-featured-img":"","footer-sml-layout":"","ast-disable-related-posts":"","theme-transparent-header-meta":"","adv-header-id-meta":"","stick-header-meta":"","header-above-stick-meta":"","header-main-stick-meta":"","header-below-stick-meta":"","astra-migrate-meta-layouts":"set","ast-page-background-enabled":"default","ast-page-background-meta":{"desktop":{"background-color":"","background-image":"","background-repeat":"repeat","background-position":"center center","background-size":"auto","background-attachment":"scroll","background-type":"","background-media":"","overlay-type":"","overlay-color":"","overlay-opacity":"","overlay-gradient":""},"tablet":{"background-color":"","background-image":"","background-repeat":"repeat","background-position":"center center","background-size":"auto","background-attachment":"scroll","background-type":"","background-media":"","overlay-type":"","overlay-color":"","overlay-opacity":"","overlay-gradient":""},"mobile":{"background-color":"","background-image":"","background-repeat":"repeat","background-position":"center center","background-size":"auto","background-attachment":"scroll","background-type":"","background-media":"","overlay-type":"","overlay-color":"","overlay-opacity":"","overlay-gradient":""}},"ast-content-background-meta":{"desktop":{"background-color":"var(--ast-global-color-5)","background-image":"","background-repeat":"repeat","background-position":"center center","background-size":"auto","background-attachment":"scroll","background-type":"","background-media":"","overlay-type":"","overlay-color":"","overlay-opacity":"","overlay-gradient":""},"tablet":{"background-color":"var(--ast-global-color-5)","background-image":"","background-repeat":"repeat","background-position":"center center","background-size":"auto","background-attachment":"scroll","background-type":"","background-media":"","overlay-type":"","overlay-color":"","overlay-opacity":"","overlay-gradient":""},"mobile":{"background-color":"var(--ast-global-color-5)","background-image":"","background-repeat":"repeat","background-position":"center center","background-size":"auto","background-attachment":"scroll","background-type":"","background-media":"","overlay-type":"","overlay-color":"","overlay-opacity":"","overlay-gradient":""}},"iawp_total_views":53,"footnotes":""},"categories":[1],"tags":[],"class_list":["post-5487","post","type-post","status-publish","format-standard","has-post-thumbnail","hentry","category-uncategorized"],"uagb_featured_image_src":{"full":["https:\/\/www.aetomazribeiro.net\/wpress\/wp-content\/uploads\/2025\/09\/ph1.jpeg",1200,1600,false],"thumbnail":["https:\/\/www.aetomazribeiro.net\/wpress\/wp-content\/uploads\/2025\/09\/ph1-150x150.jpeg",150,150,true],"medium":["https:\/\/www.aetomazribeiro.net\/wpress\/wp-content\/uploads\/2025\/09\/ph1-225x300.jpeg",225,300,true],"medium_large":["https:\/\/www.aetomazribeiro.net\/wpress\/wp-content\/uploads\/2025\/09\/ph1-768x1024.jpeg",768,1024,true],"large":["https:\/\/www.aetomazribeiro.net\/wpress\/wp-content\/uploads\/2025\/09\/ph1-768x1024.jpeg",768,1024,true],"1536x1536":["https:\/\/www.aetomazribeiro.net\/wpress\/wp-content\/uploads\/2025\/09\/ph1-1152x1536.jpeg",1152,1536,true],"2048x2048":["https:\/\/www.aetomazribeiro.net\/wpress\/wp-content\/uploads\/2025\/09\/ph1.jpeg",1200,1600,false]},"uagb_author_info":{"display_name":"admin","author_link":"https:\/\/www.aetomazribeiro.net\/wpress\/author\/admin\/"},"uagb_comment_info":0,"uagb_excerpt":"Bootcamp Internacional em Dublin O professor Paulo Nogueira e os alunos Renato Fernandes e Guilherme Figueiredo do 2\u00baano do Curso [&hellip;]","_links":{"self":[{"href":"https:\/\/www.aetomazribeiro.net\/wpress\/wp-json\/wp\/v2\/posts\/5487","targetHints":{"allow":["GET"]}}],"collection":[{"href":"https:\/\/www.aetomazribeiro.net\/wpress\/wp-json\/wp\/v2\/posts"}],"about":[{"href":"https:\/\/www.aetomazribeiro.net\/wpress\/wp-json\/wp\/v2\/types\/post"}],"author":[{"embeddable":true,"href":"https:\/\/www.aetomazribeiro.net\/wpress\/wp-json\/wp\/v2\/users\/1"}],"replies":[{"embeddable":true,"href":"https:\/\/www.aetomazribeiro.net\/wpress\/wp-json\/wp\/v2\/comments?post=5487"}],"version-history":[{"count":0,"href":"https:\/\/www.aetomazribeiro.net\/wpress\/wp-json\/wp\/v2\/posts\/5487\/revisions"}],"wp:featuredmedia":[{"embeddable":true,"href":"https:\/\/www.aetomazribeiro.net\/wpress\/wp-json\/wp\/v2\/media\/5488"}],"wp:attachment":[{"href":"https:\/\/www.aetomazribeiro.net\/wpress\/wp-json\/wp\/v2\/media?parent=5487"}],"wp:term":[{"taxonomy":"category","embeddable":true,"href":"https:\/\/www.aetomazribeiro.net\/wpress\/wp-json\/wp\/v2\/categories?post=5487"},{"taxonomy":"post_tag","embeddable":true,"href":"https:\/\/www.aetomazribeiro.net\/wpress\/wp-json\/wp\/v2\/tags?post=5487"}],"curies":[{"name":"wp","href":"https:\/\/api.w.org\/{rel}","templated":true}]}}