{"id":5248,"date":"2025-07-15T14:37:05","date_gmt":"2025-07-15T14:37:05","guid":{"rendered":"https:\/\/www.aetomazribeiro.net\/wpress\/?p=5248"},"modified":"2025-07-15T14:40:13","modified_gmt":"2025-07-15T14:40:13","slug":"alunos-do-agrupamento-de-escolas-tomaz-ribeiro-representam-tondela-em-festival-literario-de-almada","status":"publish","type":"post","link":"https:\/\/www.aetomazribeiro.net\/wpress\/alunos-do-agrupamento-de-escolas-tomaz-ribeiro-representam-tondela-em-festival-literario-de-almada\/","title":{"rendered":"FESTIVAL LITER\u00c1RIO DE ALMADA"},"content":{"rendered":"\n<h4 class=\"wp-block-heading has-text-align-center\">ALUNOS DO AGRUPAMENTO DE ESCOLAS TOMAZ RIBEIRO REPRESENTAM TONDELA EM FESTIVAL LITER\u00c1RIO DE ALMADA<\/h4>\n\n\n\n<div style=\"height:50px\" aria-hidden=\"true\" class=\"wp-block-spacer\"><\/div>\n\n\n\n<figure class=\"wp-block-image aligncenter size-large is-resized\"><a href=\"https:\/\/www.aetomazribeiro.net\/wpress\/wp-content\/uploads\/2025\/07\/IMG_20250515_171227.jpg\"><img fetchpriority=\"high\" decoding=\"async\" width=\"1024\" height=\"768\" src=\"https:\/\/www.aetomazribeiro.net\/wpress\/wp-content\/uploads\/2025\/07\/IMG_20250515_171227-1024x768.jpg\" alt=\"\" class=\"wp-image-5249\" style=\"box-shadow:var(--wp--preset--shadow--natural);width:763px;height:auto\" srcset=\"https:\/\/www.aetomazribeiro.net\/wpress\/wp-content\/uploads\/2025\/07\/IMG_20250515_171227-1024x768.jpg 1024w, https:\/\/www.aetomazribeiro.net\/wpress\/wp-content\/uploads\/2025\/07\/IMG_20250515_171227-300x225.jpg 300w, https:\/\/www.aetomazribeiro.net\/wpress\/wp-content\/uploads\/2025\/07\/IMG_20250515_171227-768x576.jpg 768w, https:\/\/www.aetomazribeiro.net\/wpress\/wp-content\/uploads\/2025\/07\/IMG_20250515_171227.jpg 1200w\" sizes=\"(max-width: 1024px) 100vw, 1024px\" \/><\/a><\/figure>\n\n\n\n<div style=\"height:50px\" aria-hidden=\"true\" class=\"wp-block-spacer\"><\/div>\n\n\n\n<p>No dia 15 de maio, os alunos do 10.\u00baE e do 12.\u00baF, da Escola Secund\u00e1ria de Tondela, participaram no lan\u00e7amento do livro \u201cRead On Portugal: Antologia 2024\/2025\u201d, do qual s\u00e3o coautores. Este evento integrou o Festival Liter\u00e1rio Read On de Almada e decorreu no magn\u00edfico Solar de Zagallos. Foram acompanhados pelo diretor do agrupamento, pela coordenadora das bibliotecas escolares e pelos respetivos diretores de turma, tendo o munic\u00edpio de Tondela assegurado o transporte.<\/p>\n\n\n\n<p>Este livro resultou de uma experi\u00eancia de escrita colaborativa, entre alguns grupos de jovens do ensino secund\u00e1rio de v\u00e1rias escolas do pa\u00eds, em sess\u00f5es online e\/ ou presenciais, com autores de express\u00e3o portuguesa contempor\u00e2nea, e acompanhados por professores dedicados, a partir da biblioteca escolar.<\/p>\n\n\n\n<p>Os alunos da Escola Secund\u00e1ria de Tondela souberam olhar o mundo com aten\u00e7\u00e3o, sensibilidade e sentido cr\u00edtico \u2014 e devolveram essa observa\u00e7\u00e3o na escrita de um magn\u00edfico conto intitulado \u201cFussante: Futuro, Passado e Presente\u201d, em coautoria com a renomada e premiada escritora brasileira Vanessa Guarani Ratton. Os alunos do 12.\u00baF foram autores das ilustra\u00e7\u00f5es do conto.<\/p>\n\n\n\n<p>Sob o lema \u201cCidadania e Interculturalidade\u201d, esta antologia \u00e9 um testemunho eloquente do poder da palavra e da escrita dos nossos jovens, enquanto ferramentas para a constru\u00e7\u00e3o de uma sociedade mais justa, inclusiva, humanista e aberta \u00e0 diversidade.<\/p>\n\n\n\n<p>Esta participa\u00e7\u00e3o inscreve-se na filosofia de um agrupamento \u201cDe todos e para todos\u201d, que integra a rede nacional de escolas \u201caLer mais e melhor\u201d, valorizando iniciativas promotoras da leitura, da escrita, do pensamento cr\u00edtico e da cidadania ativa, dando voz aos alunos enquanto protagonistas de transforma\u00e7\u00e3o social.<\/p>\n\n\n\n<p>Convidamos a aceder livro \u201cRead On Portugal: Antologia 2024\/2025\u201d, em vers\u00e3o pdf, atrav\u00e9s do seguinte <a href=\"https:\/\/www.rbe.mec.pt\/np4\/%7B$clientServletPath%7D\/?newsId=3050&amp;fileName=READON_PORTUGAL_ANTOLOGIA_2025_corrigida.pdf\">link<\/a>.<\/p>\n\n\n\n<p class=\"has-text-align-right\"><em>Elisa Figueiredo<\/em><\/p>\n\n\n\n<p class=\"has-text-align-right\"><em>(Coordenadora das Bibliotecas do AE Tondela Tomaz Ribeiro)<\/em><\/p>\n\n\n\n<p><\/p>\n","protected":false},"excerpt":{"rendered":"<p>ALUNOS DO AGRUPAMENTO DE ESCOLAS TOMAZ RIBEIRO REPRESENTAM TONDELA EM FESTIVAL LITER\u00c1RIO DE ALMADA No dia 15 de maio, os [&hellip;]<\/p>\n","protected":false},"author":1,"featured_media":5249,"comment_status":"open","ping_status":"open","sticky":false,"template":"","format":"standard","meta":{"_uag_custom_page_level_css":"","site-sidebar-layout":"default","site-content-layout":"","ast-site-content-layout":"default","site-content-style":"default","site-sidebar-style":"default","ast-global-header-display":"","ast-banner-title-visibility":"","ast-main-header-display":"","ast-hfb-above-header-display":"","ast-hfb-below-header-display":"","ast-hfb-mobile-header-display":"","site-post-title":"disabled","ast-breadcrumbs-content":"","ast-featured-img":"","footer-sml-layout":"","ast-disable-related-posts":"","theme-transparent-header-meta":"","adv-header-id-meta":"","stick-header-meta":"","header-above-stick-meta":"","header-main-stick-meta":"","header-below-stick-meta":"","astra-migrate-meta-layouts":"set","ast-page-background-enabled":"default","ast-page-background-meta":{"desktop":{"background-color":"","background-image":"","background-repeat":"repeat","background-position":"center center","background-size":"auto","background-attachment":"scroll","background-type":"","background-media":"","overlay-type":"","overlay-color":"","overlay-opacity":"","overlay-gradient":""},"tablet":{"background-color":"","background-image":"","background-repeat":"repeat","background-position":"center center","background-size":"auto","background-attachment":"scroll","background-type":"","background-media":"","overlay-type":"","overlay-color":"","overlay-opacity":"","overlay-gradient":""},"mobile":{"background-color":"","background-image":"","background-repeat":"repeat","background-position":"center center","background-size":"auto","background-attachment":"scroll","background-type":"","background-media":"","overlay-type":"","overlay-color":"","overlay-opacity":"","overlay-gradient":""}},"ast-content-background-meta":{"desktop":{"background-color":"var(--ast-global-color-5)","background-image":"","background-repeat":"repeat","background-position":"center center","background-size":"auto","background-attachment":"scroll","background-type":"","background-media":"","overlay-type":"","overlay-color":"","overlay-opacity":"","overlay-gradient":""},"tablet":{"background-color":"var(--ast-global-color-5)","background-image":"","background-repeat":"repeat","background-position":"center center","background-size":"auto","background-attachment":"scroll","background-type":"","background-media":"","overlay-type":"","overlay-color":"","overlay-opacity":"","overlay-gradient":""},"mobile":{"background-color":"var(--ast-global-color-5)","background-image":"","background-repeat":"repeat","background-position":"center center","background-size":"auto","background-attachment":"scroll","background-type":"","background-media":"","overlay-type":"","overlay-color":"","overlay-opacity":"","overlay-gradient":""}},"iawp_total_views":44,"footnotes":""},"categories":[1],"tags":[],"class_list":["post-5248","post","type-post","status-publish","format-standard","has-post-thumbnail","hentry","category-uncategorized"],"uagb_featured_image_src":{"full":["https:\/\/www.aetomazribeiro.net\/wpress\/wp-content\/uploads\/2025\/07\/IMG_20250515_171227.jpg",1200,900,false],"thumbnail":["https:\/\/www.aetomazribeiro.net\/wpress\/wp-content\/uploads\/2025\/07\/IMG_20250515_171227-150x150.jpg",150,150,true],"medium":["https:\/\/www.aetomazribeiro.net\/wpress\/wp-content\/uploads\/2025\/07\/IMG_20250515_171227-300x225.jpg",300,225,true],"medium_large":["https:\/\/www.aetomazribeiro.net\/wpress\/wp-content\/uploads\/2025\/07\/IMG_20250515_171227-768x576.jpg",768,576,true],"large":["https:\/\/www.aetomazribeiro.net\/wpress\/wp-content\/uploads\/2025\/07\/IMG_20250515_171227-1024x768.jpg",1024,768,true],"1536x1536":["https:\/\/www.aetomazribeiro.net\/wpress\/wp-content\/uploads\/2025\/07\/IMG_20250515_171227.jpg",1200,900,false],"2048x2048":["https:\/\/www.aetomazribeiro.net\/wpress\/wp-content\/uploads\/2025\/07\/IMG_20250515_171227.jpg",1200,900,false]},"uagb_author_info":{"display_name":"admin","author_link":"https:\/\/www.aetomazribeiro.net\/wpress\/author\/admin\/"},"uagb_comment_info":0,"uagb_excerpt":"ALUNOS DO AGRUPAMENTO DE ESCOLAS TOMAZ RIBEIRO REPRESENTAM TONDELA EM FESTIVAL LITER\u00c1RIO DE ALMADA No dia 15 de maio, os [&hellip;]","_links":{"self":[{"href":"https:\/\/www.aetomazribeiro.net\/wpress\/wp-json\/wp\/v2\/posts\/5248","targetHints":{"allow":["GET"]}}],"collection":[{"href":"https:\/\/www.aetomazribeiro.net\/wpress\/wp-json\/wp\/v2\/posts"}],"about":[{"href":"https:\/\/www.aetomazribeiro.net\/wpress\/wp-json\/wp\/v2\/types\/post"}],"author":[{"embeddable":true,"href":"https:\/\/www.aetomazribeiro.net\/wpress\/wp-json\/wp\/v2\/users\/1"}],"replies":[{"embeddable":true,"href":"https:\/\/www.aetomazribeiro.net\/wpress\/wp-json\/wp\/v2\/comments?post=5248"}],"version-history":[{"count":0,"href":"https:\/\/www.aetomazribeiro.net\/wpress\/wp-json\/wp\/v2\/posts\/5248\/revisions"}],"wp:featuredmedia":[{"embeddable":true,"href":"https:\/\/www.aetomazribeiro.net\/wpress\/wp-json\/wp\/v2\/media\/5249"}],"wp:attachment":[{"href":"https:\/\/www.aetomazribeiro.net\/wpress\/wp-json\/wp\/v2\/media?parent=5248"}],"wp:term":[{"taxonomy":"category","embeddable":true,"href":"https:\/\/www.aetomazribeiro.net\/wpress\/wp-json\/wp\/v2\/categories?post=5248"},{"taxonomy":"post_tag","embeddable":true,"href":"https:\/\/www.aetomazribeiro.net\/wpress\/wp-json\/wp\/v2\/tags?post=5248"}],"curies":[{"name":"wp","href":"https:\/\/api.w.org\/{rel}","templated":true}]}}