{"id":5242,"date":"2025-07-15T14:27:56","date_gmt":"2025-07-15T14:27:56","guid":{"rendered":"https:\/\/www.aetomazribeiro.net\/wpress\/?p=5242"},"modified":"2025-07-15T14:29:32","modified_gmt":"2025-07-15T14:29:32","slug":"apresentacao-e-defesa-das-provas-de-aptidao-profissional-dos-cursos-profissionais-de-tiigr-e-tcqa","status":"publish","type":"post","link":"https:\/\/www.aetomazribeiro.net\/wpress\/apresentacao-e-defesa-das-provas-de-aptidao-profissional-dos-cursos-profissionais-de-tiigr-e-tcqa\/","title":{"rendered":"Apresenta\u00e7\u00e3o e Defesa das Provas de Aptid\u00e3o Profissional dos Cursos Profissionais de TIIGR e TCQA"},"content":{"rendered":"\n<figure class=\"wp-block-image aligncenter size-large is-resized\"><a href=\"https:\/\/www.aetomazribeiro.net\/wpress\/wp-content\/uploads\/2025\/07\/1752073009810.jpg\"><img fetchpriority=\"high\" decoding=\"async\" width=\"1024\" height=\"576\" src=\"https:\/\/www.aetomazribeiro.net\/wpress\/wp-content\/uploads\/2025\/07\/1752073009810-1024x576.jpg\" alt=\"\" class=\"wp-image-5243\" style=\"box-shadow:var(--wp--preset--shadow--natural);width:727px;height:auto\" srcset=\"https:\/\/www.aetomazribeiro.net\/wpress\/wp-content\/uploads\/2025\/07\/1752073009810-1024x576.jpg 1024w, https:\/\/www.aetomazribeiro.net\/wpress\/wp-content\/uploads\/2025\/07\/1752073009810-300x169.jpg 300w, https:\/\/www.aetomazribeiro.net\/wpress\/wp-content\/uploads\/2025\/07\/1752073009810-768x432.jpg 768w, https:\/\/www.aetomazribeiro.net\/wpress\/wp-content\/uploads\/2025\/07\/1752073009810.jpg 1200w\" sizes=\"(max-width: 1024px) 100vw, 1024px\" \/><\/a><\/figure>\n\n\n\n<div style=\"height:60px\" aria-hidden=\"true\" class=\"wp-block-spacer\"><\/div>\n\n\n\n<h4 class=\"wp-block-heading has-text-align-center\"><strong>Apresenta\u00e7\u00e3o e Defesa das Provas de Aptid\u00e3o Profissional dos Cursos Profissionais de TIIGR e TCQA<\/strong><\/h4>\n\n\n\n<div style=\"height:62px\" aria-hidden=\"true\" class=\"wp-block-spacer\"><\/div>\n\n\n\n<p>Nos passados dias 7 e 9 de julho, os alunos finalistas dos Cursos Profissionais do Agrupamento de Escolas de Tondela Tomaz Ribeiro realizaram a apresenta\u00e7\u00e3o e defesa das suas Provas de Aptid\u00e3o Profissional (PAP), momento que assinala o culminar de tr\u00eas anos de forma\u00e7\u00e3o t\u00e9cnica e pessoal.<\/p>\n\n\n\n<p>As sess\u00f5es de defesa contaram com a presen\u00e7a de distintos elementos que integraram os j\u00faris e cuja colabora\u00e7\u00e3o foi determinante para a qualidade e exig\u00eancia deste processo avaliativo.<\/p>\n\n\n\n<p>No dia 7 de julho, o j\u00fari do Curso Profissional de T\u00e9cnico de Inform\u00e1tica, Instala\u00e7\u00e3o e Gest\u00e3o de Redes foi composto pela Professora Doutora Rosa Carvalho, Diretora do Centro de Forma\u00e7\u00e3o Planalto Beir\u00e3o, pela Doutora Patr\u00edcia Rocha da Worten Tondela, pelo Doutor Daniel Nunes da ACERT e pelo Engenheiro Bruno Silva da empresa 2Think.<\/p>\n\n\n\n<p>J\u00e1 no dia 9 de julho, os alunos do Curso Profissional de T\u00e9cnico de Controlo de Qualidade Alimentar apresentaram as suas provas perante um j\u00fari constitu\u00eddo pelo Doutor Rui Almeida, representante da Associa\u00e7\u00e3o Empresarial da Regi\u00e3o de Viseu, pela Professora Doutora Lu\u00edsa Valente da Cruz Lopes, da Escola Superior de Tecnologia e Gest\u00e3o, e pela Professora Doutora Daniela Aguiar da Costa, da Escola Superior Agr\u00e1ria, ambas do Instituto Polit\u00e9cnico de Viseu.<\/p>\n\n\n\n<div style=\"height:62px\" aria-hidden=\"true\" class=\"wp-block-spacer\"><\/div>\n\n\n\n<figure class=\"wp-block-image aligncenter size-large is-resized\"><a href=\"https:\/\/www.aetomazribeiro.net\/wpress\/wp-content\/uploads\/2025\/07\/20250707_095608.jpg\"><img decoding=\"async\" width=\"1024\" height=\"768\" src=\"https:\/\/www.aetomazribeiro.net\/wpress\/wp-content\/uploads\/2025\/07\/20250707_095608-1024x768.jpg\" alt=\"\" class=\"wp-image-5244\" style=\"box-shadow:var(--wp--preset--shadow--natural);width:685px;height:auto\" srcset=\"https:\/\/www.aetomazribeiro.net\/wpress\/wp-content\/uploads\/2025\/07\/20250707_095608-1024x768.jpg 1024w, https:\/\/www.aetomazribeiro.net\/wpress\/wp-content\/uploads\/2025\/07\/20250707_095608-300x225.jpg 300w, https:\/\/www.aetomazribeiro.net\/wpress\/wp-content\/uploads\/2025\/07\/20250707_095608-768x576.jpg 768w, https:\/\/www.aetomazribeiro.net\/wpress\/wp-content\/uploads\/2025\/07\/20250707_095608.jpg 1200w\" sizes=\"(max-width: 1024px) 100vw, 1024px\" \/><\/a><\/figure>\n\n\n\n<div style=\"height:62px\" aria-hidden=\"true\" class=\"wp-block-spacer\"><\/div>\n\n\n\n<p>Em ambos os j\u00faris, estiveram tamb\u00e9m presentes os elementos internos do Agrupamento: os respetivos Diretores de Curso, Paulo Nogueira e Helena Ribeiro, a Diretora de Turma, Ana Miroto, o Coordenador dos Cursos Profissionais, Jo\u00e3o Costa e o Adjunto da Dire\u00e7\u00e3o, Professor Jo\u00e3o Cruz, que assumiu igualmente a presid\u00eancia dos j\u00faris.<\/p>\n\n\n\n<p>A dire\u00e7\u00e3o do Agrupamento de Escolas de Tondela Tomaz Ribeiro expressa o seu mais sincero agradecimento a todas as institui\u00e7\u00f5es envolvidas e aos distintos membros dos j\u00faris, pelo tempo dedicado, pelo rigor e pelo valioso contributo t\u00e9cnico e cient\u00edfico. A sua presen\u00e7a foi fundamental para enriquecer este momento de avalia\u00e7\u00e3o, refor\u00e7ando a liga\u00e7\u00e3o entre a escola, o ensino superior e o meio empresarial.<\/p>\n\n\n\n<p>A todos os alunos, dirigimos uma palavra de reconhecimento pelo empenho demonstrado e desejamos os maiores sucessos nas suas futuras etapas profissionais e pessoais. Este foi, sem d\u00favida, um marco significativo no percurso de cada um.<\/p>\n\n\n\n<p><\/p>\n","protected":false},"excerpt":{"rendered":"<p>Apresenta\u00e7\u00e3o e Defesa das Provas de Aptid\u00e3o Profissional dos Cursos Profissionais de TIIGR e TCQA Nos passados dias 7 e [&hellip;]<\/p>\n","protected":false},"author":1,"featured_media":5243,"comment_status":"open","ping_status":"open","sticky":false,"template":"","format":"standard","meta":{"_uag_custom_page_level_css":"","site-sidebar-layout":"default","site-content-layout":"","ast-site-content-layout":"default","site-content-style":"default","site-sidebar-style":"default","ast-global-header-display":"","ast-banner-title-visibility":"","ast-main-header-display":"","ast-hfb-above-header-display":"","ast-hfb-below-header-display":"","ast-hfb-mobile-header-display":"","site-post-title":"disabled","ast-breadcrumbs-content":"","ast-featured-img":"","footer-sml-layout":"","ast-disable-related-posts":"","theme-transparent-header-meta":"","adv-header-id-meta":"","stick-header-meta":"","header-above-stick-meta":"","header-main-stick-meta":"","header-below-stick-meta":"","astra-migrate-meta-layouts":"set","ast-page-background-enabled":"default","ast-page-background-meta":{"desktop":{"background-color":"","background-image":"","background-repeat":"repeat","background-position":"center center","background-size":"auto","background-attachment":"scroll","background-type":"","background-media":"","overlay-type":"","overlay-color":"","overlay-opacity":"","overlay-gradient":""},"tablet":{"background-color":"","background-image":"","background-repeat":"repeat","background-position":"center center","background-size":"auto","background-attachment":"scroll","background-type":"","background-media":"","overlay-type":"","overlay-color":"","overlay-opacity":"","overlay-gradient":""},"mobile":{"background-color":"","background-image":"","background-repeat":"repeat","background-position":"center center","background-size":"auto","background-attachment":"scroll","background-type":"","background-media":"","overlay-type":"","overlay-color":"","overlay-opacity":"","overlay-gradient":""}},"ast-content-background-meta":{"desktop":{"background-color":"var(--ast-global-color-5)","background-image":"","background-repeat":"repeat","background-position":"center center","background-size":"auto","background-attachment":"scroll","background-type":"","background-media":"","overlay-type":"","overlay-color":"","overlay-opacity":"","overlay-gradient":""},"tablet":{"background-color":"var(--ast-global-color-5)","background-image":"","background-repeat":"repeat","background-position":"center center","background-size":"auto","background-attachment":"scroll","background-type":"","background-media":"","overlay-type":"","overlay-color":"","overlay-opacity":"","overlay-gradient":""},"mobile":{"background-color":"var(--ast-global-color-5)","background-image":"","background-repeat":"repeat","background-position":"center center","background-size":"auto","background-attachment":"scroll","background-type":"","background-media":"","overlay-type":"","overlay-color":"","overlay-opacity":"","overlay-gradient":""}},"iawp_total_views":92,"footnotes":""},"categories":[1],"tags":[],"class_list":["post-5242","post","type-post","status-publish","format-standard","has-post-thumbnail","hentry","category-uncategorized"],"uagb_featured_image_src":{"full":["https:\/\/www.aetomazribeiro.net\/wpress\/wp-content\/uploads\/2025\/07\/1752073009810.jpg",1200,675,false],"thumbnail":["https:\/\/www.aetomazribeiro.net\/wpress\/wp-content\/uploads\/2025\/07\/1752073009810-150x150.jpg",150,150,true],"medium":["https:\/\/www.aetomazribeiro.net\/wpress\/wp-content\/uploads\/2025\/07\/1752073009810-300x169.jpg",300,169,true],"medium_large":["https:\/\/www.aetomazribeiro.net\/wpress\/wp-content\/uploads\/2025\/07\/1752073009810-768x432.jpg",768,432,true],"large":["https:\/\/www.aetomazribeiro.net\/wpress\/wp-content\/uploads\/2025\/07\/1752073009810-1024x576.jpg",1024,576,true],"1536x1536":["https:\/\/www.aetomazribeiro.net\/wpress\/wp-content\/uploads\/2025\/07\/1752073009810.jpg",1200,675,false],"2048x2048":["https:\/\/www.aetomazribeiro.net\/wpress\/wp-content\/uploads\/2025\/07\/1752073009810.jpg",1200,675,false]},"uagb_author_info":{"display_name":"admin","author_link":"https:\/\/www.aetomazribeiro.net\/wpress\/author\/admin\/"},"uagb_comment_info":0,"uagb_excerpt":"Apresenta\u00e7\u00e3o e Defesa das Provas de Aptid\u00e3o Profissional dos Cursos Profissionais de TIIGR e TCQA Nos passados dias 7 e [&hellip;]","_links":{"self":[{"href":"https:\/\/www.aetomazribeiro.net\/wpress\/wp-json\/wp\/v2\/posts\/5242","targetHints":{"allow":["GET"]}}],"collection":[{"href":"https:\/\/www.aetomazribeiro.net\/wpress\/wp-json\/wp\/v2\/posts"}],"about":[{"href":"https:\/\/www.aetomazribeiro.net\/wpress\/wp-json\/wp\/v2\/types\/post"}],"author":[{"embeddable":true,"href":"https:\/\/www.aetomazribeiro.net\/wpress\/wp-json\/wp\/v2\/users\/1"}],"replies":[{"embeddable":true,"href":"https:\/\/www.aetomazribeiro.net\/wpress\/wp-json\/wp\/v2\/comments?post=5242"}],"version-history":[{"count":0,"href":"https:\/\/www.aetomazribeiro.net\/wpress\/wp-json\/wp\/v2\/posts\/5242\/revisions"}],"wp:featuredmedia":[{"embeddable":true,"href":"https:\/\/www.aetomazribeiro.net\/wpress\/wp-json\/wp\/v2\/media\/5243"}],"wp:attachment":[{"href":"https:\/\/www.aetomazribeiro.net\/wpress\/wp-json\/wp\/v2\/media?parent=5242"}],"wp:term":[{"taxonomy":"category","embeddable":true,"href":"https:\/\/www.aetomazribeiro.net\/wpress\/wp-json\/wp\/v2\/categories?post=5242"},{"taxonomy":"post_tag","embeddable":true,"href":"https:\/\/www.aetomazribeiro.net\/wpress\/wp-json\/wp\/v2\/tags?post=5242"}],"curies":[{"name":"wp","href":"https:\/\/api.w.org\/{rel}","templated":true}]}}