{"id":5232,"date":"2025-07-07T19:15:50","date_gmt":"2025-07-07T19:15:50","guid":{"rendered":"https:\/\/www.aetomazribeiro.net\/wpress\/?p=5232"},"modified":"2025-07-07T19:16:52","modified_gmt":"2025-07-07T19:16:52","slug":"final-regional-online-do-concurso-de-empreendedorismo-isto-e-uma-ideia","status":"publish","type":"post","link":"https:\/\/www.aetomazribeiro.net\/wpress\/final-regional-online-do-concurso-de-empreendedorismo-isto-e-uma-ideia\/","title":{"rendered":"Final Regional online do concurso de empreendedorismo \u201cIsto \u00e9 uma Ideia&#8221;"},"content":{"rendered":"\n<h4 class=\"wp-block-heading has-text-align-center\"> Final Regional online do concurso de empreendedorismo &#8220;Isto \u00e9 uma Ideia&#8221;<\/h4>\n\n\n\n<div style=\"height:40px\" aria-hidden=\"true\" class=\"wp-block-spacer\"><\/div>\n\n\n\n<figure class=\"wp-block-image aligncenter size-large is-resized\"><a href=\"https:\/\/www.aetomazribeiro.net\/wpress\/wp-content\/uploads\/2025\/07\/n01.jpg\"><img fetchpriority=\"high\" decoding=\"async\" width=\"1024\" height=\"683\" src=\"https:\/\/www.aetomazribeiro.net\/wpress\/wp-content\/uploads\/2025\/07\/n01-1024x683.jpg\" alt=\"\" class=\"wp-image-5234\" style=\"box-shadow:var(--wp--preset--shadow--natural);width:663px;height:auto\" srcset=\"https:\/\/www.aetomazribeiro.net\/wpress\/wp-content\/uploads\/2025\/07\/n01-1024x683.jpg 1024w, https:\/\/www.aetomazribeiro.net\/wpress\/wp-content\/uploads\/2025\/07\/n01-300x200.jpg 300w, https:\/\/www.aetomazribeiro.net\/wpress\/wp-content\/uploads\/2025\/07\/n01-768x512.jpg 768w, https:\/\/www.aetomazribeiro.net\/wpress\/wp-content\/uploads\/2025\/07\/n01.jpg 1440w\" sizes=\"(max-width: 1024px) 100vw, 1024px\" \/><\/a><\/figure>\n\n\n\n<div style=\"height:50px\" aria-hidden=\"true\" class=\"wp-block-spacer\"><\/div>\n\n\n\n<p>No dia 3 de junho, realizou-se a Final Regional online do concurso de empreendedorismo \u201cIsto \u00e9 uma Ideia\u201d, dinamizada pelo\u00a0Centro Tecnol\u00f3gico do Cal\u00e7ado de Portugal.\u00a0A equipa, constitu\u00edda pelos alunos Dinis Pereira, Tom\u00e1s Almeida, Gon\u00e7alo Ferreira e Martim Cunha e liderada pelo professor Paulo Nogueira, obtive o 1.\u00ba lugar.\u00a0<\/p>\n\n\n\n<p>Estivemos presentes na Final Nacional do concurso \u201cIsto \u00c9 Uma Ideia\u201d nos dias 2 e 3 julho 2025 no Instituto de Design em Guimar\u00e3es. Os alunos despertaram o seu talento, promovido pelos centros CITEVE, CATIM, CENTIMFE, CTCOR e CTCP.&nbsp;<\/p>\n\n\n\n<div class=\"wp-block-uagb-container uagb-block-184bd46d alignfull uagb-is-root-container\"><div class=\"uagb-container-inner-blocks-wrap\">\n<div class=\"wp-block-uagb-container uagb-block-c8cea2ce\">\n<figure class=\"wp-block-image size-large\"><a href=\"https:\/\/www.aetomazribeiro.net\/wpress\/wp-content\/uploads\/2025\/07\/n03-copia.jpg\"><img decoding=\"async\" width=\"873\" height=\"1024\" src=\"https:\/\/www.aetomazribeiro.net\/wpress\/wp-content\/uploads\/2025\/07\/n03-copia-873x1024.jpg\" alt=\"\" class=\"wp-image-5237\" style=\"box-shadow:var(--wp--preset--shadow--natural)\" srcset=\"https:\/\/www.aetomazribeiro.net\/wpress\/wp-content\/uploads\/2025\/07\/n03-copia-873x1024.jpg 873w, https:\/\/www.aetomazribeiro.net\/wpress\/wp-content\/uploads\/2025\/07\/n03-copia-256x300.jpg 256w, https:\/\/www.aetomazribeiro.net\/wpress\/wp-content\/uploads\/2025\/07\/n03-copia-768x901.jpg 768w, https:\/\/www.aetomazribeiro.net\/wpress\/wp-content\/uploads\/2025\/07\/n03-copia.jpg 1023w\" sizes=\"(max-width: 873px) 100vw, 873px\" \/><\/a><\/figure>\n<\/div>\n\n\n\n<div class=\"wp-block-uagb-container uagb-block-70c81ec1\">\n<figure class=\"wp-block-image size-large is-resized\"><a href=\"https:\/\/www.aetomazribeiro.net\/wpress\/wp-content\/uploads\/2025\/07\/n04.jpg\"><img decoding=\"async\" width=\"819\" height=\"1024\" src=\"https:\/\/www.aetomazribeiro.net\/wpress\/wp-content\/uploads\/2025\/07\/n04-819x1024.jpg\" alt=\"\" class=\"wp-image-5236\" style=\"box-shadow:var(--wp--preset--shadow--natural);width:528px;height:auto\" srcset=\"https:\/\/www.aetomazribeiro.net\/wpress\/wp-content\/uploads\/2025\/07\/n04-819x1024.jpg 819w, https:\/\/www.aetomazribeiro.net\/wpress\/wp-content\/uploads\/2025\/07\/n04-240x300.jpg 240w, https:\/\/www.aetomazribeiro.net\/wpress\/wp-content\/uploads\/2025\/07\/n04-768x961.jpg 768w, https:\/\/www.aetomazribeiro.net\/wpress\/wp-content\/uploads\/2025\/07\/n04-1228x1536.jpg 1228w, https:\/\/www.aetomazribeiro.net\/wpress\/wp-content\/uploads\/2025\/07\/n04.jpg 1440w\" sizes=\"(max-width: 819px) 100vw, 819px\" \/><\/a><\/figure>\n<\/div>\n<\/div><\/div>\n\n\n\n<div style=\"height:58px\" aria-hidden=\"true\" class=\"wp-block-spacer\"><\/div>\n\n\n\n<p>Estivemos na Final Regional Norte da 11.\u00aa Edi\u00e7\u00e3o Apps for Good no dia 4-7-2025, realizada na Universidade da Maia, onde fomos a equipa Vencedora Electronics for All, e equipa finalista do ensino secund\u00e1rio Apps for Good. Vamos estar presentes na Final Nacional a realizar em 16 de setembro 2025 no Pavilh\u00e3o do Conhecimento em Lisboa.<\/p>\n\n\n\n<div style=\"height:40px\" aria-hidden=\"true\" class=\"wp-block-spacer\"><\/div>\n\n\n\n<figure class=\"wp-block-image aligncenter size-large is-resized\"><a href=\"https:\/\/www.aetomazribeiro.net\/wpress\/wp-content\/uploads\/2025\/07\/n02-1.jpeg\"><img loading=\"lazy\" decoding=\"async\" width=\"1024\" height=\"768\" src=\"https:\/\/www.aetomazribeiro.net\/wpress\/wp-content\/uploads\/2025\/07\/n02-1-1024x768.jpeg\" alt=\"\" class=\"wp-image-5238\" style=\"box-shadow:var(--wp--preset--shadow--natural);width:670px;height:auto\" srcset=\"https:\/\/www.aetomazribeiro.net\/wpress\/wp-content\/uploads\/2025\/07\/n02-1-1024x768.jpeg 1024w, https:\/\/www.aetomazribeiro.net\/wpress\/wp-content\/uploads\/2025\/07\/n02-1-300x225.jpeg 300w, https:\/\/www.aetomazribeiro.net\/wpress\/wp-content\/uploads\/2025\/07\/n02-1-768x576.jpeg 768w, https:\/\/www.aetomazribeiro.net\/wpress\/wp-content\/uploads\/2025\/07\/n02-1-1536x1152.jpeg 1536w, https:\/\/www.aetomazribeiro.net\/wpress\/wp-content\/uploads\/2025\/07\/n02-1.jpeg 1600w\" sizes=\"(max-width: 1024px) 100vw, 1024px\" \/><\/a><\/figure>\n","protected":false},"excerpt":{"rendered":"<p>Final Regional online do concurso de empreendedorismo &#8220;Isto \u00e9 uma Ideia&#8221; No dia 3 de junho, realizou-se a Final Regional [&hellip;]<\/p>\n","protected":false},"author":1,"featured_media":5234,"comment_status":"open","ping_status":"open","sticky":false,"template":"","format":"standard","meta":{"_uag_custom_page_level_css":"","site-sidebar-layout":"default","site-content-layout":"","ast-site-content-layout":"default","site-content-style":"default","site-sidebar-style":"default","ast-global-header-display":"","ast-banner-title-visibility":"","ast-main-header-display":"","ast-hfb-above-header-display":"","ast-hfb-below-header-display":"","ast-hfb-mobile-header-display":"","site-post-title":"disabled","ast-breadcrumbs-content":"","ast-featured-img":"","footer-sml-layout":"","ast-disable-related-posts":"","theme-transparent-header-meta":"","adv-header-id-meta":"","stick-header-meta":"","header-above-stick-meta":"","header-main-stick-meta":"","header-below-stick-meta":"","astra-migrate-meta-layouts":"set","ast-page-background-enabled":"default","ast-page-background-meta":{"desktop":{"background-color":"","background-image":"","background-repeat":"repeat","background-position":"center center","background-size":"auto","background-attachment":"scroll","background-type":"","background-media":"","overlay-type":"","overlay-color":"","overlay-opacity":"","overlay-gradient":""},"tablet":{"background-color":"","background-image":"","background-repeat":"repeat","background-position":"center center","background-size":"auto","background-attachment":"scroll","background-type":"","background-media":"","overlay-type":"","overlay-color":"","overlay-opacity":"","overlay-gradient":""},"mobile":{"background-color":"","background-image":"","background-repeat":"repeat","background-position":"center center","background-size":"auto","background-attachment":"scroll","background-type":"","background-media":"","overlay-type":"","overlay-color":"","overlay-opacity":"","overlay-gradient":""}},"ast-content-background-meta":{"desktop":{"background-color":"var(--ast-global-color-5)","background-image":"","background-repeat":"repeat","background-position":"center center","background-size":"auto","background-attachment":"scroll","background-type":"","background-media":"","overlay-type":"","overlay-color":"","overlay-opacity":"","overlay-gradient":""},"tablet":{"background-color":"var(--ast-global-color-5)","background-image":"","background-repeat":"repeat","background-position":"center center","background-size":"auto","background-attachment":"scroll","background-type":"","background-media":"","overlay-type":"","overlay-color":"","overlay-opacity":"","overlay-gradient":""},"mobile":{"background-color":"var(--ast-global-color-5)","background-image":"","background-repeat":"repeat","background-position":"center center","background-size":"auto","background-attachment":"scroll","background-type":"","background-media":"","overlay-type":"","overlay-color":"","overlay-opacity":"","overlay-gradient":""}},"iawp_total_views":45,"footnotes":""},"categories":[1],"tags":[],"class_list":["post-5232","post","type-post","status-publish","format-standard","has-post-thumbnail","hentry","category-uncategorized"],"uagb_featured_image_src":{"full":["https:\/\/www.aetomazribeiro.net\/wpress\/wp-content\/uploads\/2025\/07\/n01.jpg",1440,960,false],"thumbnail":["https:\/\/www.aetomazribeiro.net\/wpress\/wp-content\/uploads\/2025\/07\/n01-150x150.jpg",150,150,true],"medium":["https:\/\/www.aetomazribeiro.net\/wpress\/wp-content\/uploads\/2025\/07\/n01-300x200.jpg",300,200,true],"medium_large":["https:\/\/www.aetomazribeiro.net\/wpress\/wp-content\/uploads\/2025\/07\/n01-768x512.jpg",768,512,true],"large":["https:\/\/www.aetomazribeiro.net\/wpress\/wp-content\/uploads\/2025\/07\/n01-1024x683.jpg",1024,683,true],"1536x1536":["https:\/\/www.aetomazribeiro.net\/wpress\/wp-content\/uploads\/2025\/07\/n01.jpg",1440,960,false],"2048x2048":["https:\/\/www.aetomazribeiro.net\/wpress\/wp-content\/uploads\/2025\/07\/n01.jpg",1440,960,false]},"uagb_author_info":{"display_name":"admin","author_link":"https:\/\/www.aetomazribeiro.net\/wpress\/author\/admin\/"},"uagb_comment_info":0,"uagb_excerpt":"Final Regional online do concurso de empreendedorismo &#8220;Isto \u00e9 uma Ideia&#8221; No dia 3 de junho, realizou-se a Final Regional [&hellip;]","_links":{"self":[{"href":"https:\/\/www.aetomazribeiro.net\/wpress\/wp-json\/wp\/v2\/posts\/5232","targetHints":{"allow":["GET"]}}],"collection":[{"href":"https:\/\/www.aetomazribeiro.net\/wpress\/wp-json\/wp\/v2\/posts"}],"about":[{"href":"https:\/\/www.aetomazribeiro.net\/wpress\/wp-json\/wp\/v2\/types\/post"}],"author":[{"embeddable":true,"href":"https:\/\/www.aetomazribeiro.net\/wpress\/wp-json\/wp\/v2\/users\/1"}],"replies":[{"embeddable":true,"href":"https:\/\/www.aetomazribeiro.net\/wpress\/wp-json\/wp\/v2\/comments?post=5232"}],"version-history":[{"count":0,"href":"https:\/\/www.aetomazribeiro.net\/wpress\/wp-json\/wp\/v2\/posts\/5232\/revisions"}],"wp:featuredmedia":[{"embeddable":true,"href":"https:\/\/www.aetomazribeiro.net\/wpress\/wp-json\/wp\/v2\/media\/5234"}],"wp:attachment":[{"href":"https:\/\/www.aetomazribeiro.net\/wpress\/wp-json\/wp\/v2\/media?parent=5232"}],"wp:term":[{"taxonomy":"category","embeddable":true,"href":"https:\/\/www.aetomazribeiro.net\/wpress\/wp-json\/wp\/v2\/categories?post=5232"},{"taxonomy":"post_tag","embeddable":true,"href":"https:\/\/www.aetomazribeiro.net\/wpress\/wp-json\/wp\/v2\/tags?post=5232"}],"curies":[{"name":"wp","href":"https:\/\/api.w.org\/{rel}","templated":true}]}}