{"id":5152,"date":"2025-06-10T15:54:15","date_gmt":"2025-06-10T15:54:15","guid":{"rendered":"https:\/\/www.aetomazribeiro.net\/wpress\/?p=5152"},"modified":"2025-06-10T15:55:57","modified_gmt":"2025-06-10T15:55:57","slug":"uma-viagem-inesquecivel-a-constancia","status":"publish","type":"post","link":"https:\/\/www.aetomazribeiro.net\/wpress\/uma-viagem-inesquecivel-a-constancia\/","title":{"rendered":"Uma Viagem Inesquec\u00edvel a Const\u00e2ncia"},"content":{"rendered":"\n<h3 class=\"wp-block-heading has-text-align-center\">Uma Viagem Inesquec\u00edvel a Const\u00e2ncia<\/h3>\n\n\n\n<div style=\"height:53px\" aria-hidden=\"true\" class=\"wp-block-spacer\"><\/div>\n\n\n\n<figure class=\"wp-block-image aligncenter size-large is-resized\"><a href=\"https:\/\/www.aetomazribeiro.net\/wpress\/wp-content\/uploads\/2025\/06\/foto3.jpg\"><img fetchpriority=\"high\" decoding=\"async\" width=\"1024\" height=\"766\" src=\"https:\/\/www.aetomazribeiro.net\/wpress\/wp-content\/uploads\/2025\/06\/foto3-1024x766.jpg\" alt=\"\" class=\"wp-image-5153\" style=\"box-shadow:var(--wp--preset--shadow--natural);width:696px;height:auto\" srcset=\"https:\/\/www.aetomazribeiro.net\/wpress\/wp-content\/uploads\/2025\/06\/foto3-1024x766.jpg 1024w, https:\/\/www.aetomazribeiro.net\/wpress\/wp-content\/uploads\/2025\/06\/foto3-300x225.jpg 300w, https:\/\/www.aetomazribeiro.net\/wpress\/wp-content\/uploads\/2025\/06\/foto3-768x575.jpg 768w, https:\/\/www.aetomazribeiro.net\/wpress\/wp-content\/uploads\/2025\/06\/foto3.jpg 1200w\" sizes=\"(max-width: 1024px) 100vw, 1024px\" \/><\/a><\/figure>\n\n\n\n<p>No dia 29 de abril de 2025, os alunos das turmas 9.\u00baF e 9.\u00baG da Escola B\u00e1sica de Campo de Besteiros realizaram uma visita de estudo a Const\u00e2ncia, no \u00e2mbito do projeto interdisciplinar do nono ano, intitulado \u201c(Re)descobrir Cam\u00f5es\u201d. Esta atividade teve como objetivos aprofundar o conhecimento sobre Lu\u00eds de Cam\u00f5es e a sua obra&nbsp;<em>Os Lus\u00edadas<\/em>, bem como explorar o patrim\u00f3nio hist\u00f3rico e cultural da regi\u00e3o.<\/p>\n\n\n\n<div style=\"height:53px\" aria-hidden=\"true\" class=\"wp-block-spacer\"><\/div>\n\n\n\n<figure class=\"wp-block-image aligncenter size-large is-resized\"><a href=\"https:\/\/www.aetomazribeiro.net\/wpress\/wp-content\/uploads\/2025\/06\/foto1.jpg\"><img decoding=\"async\" width=\"1024\" height=\"768\" src=\"https:\/\/www.aetomazribeiro.net\/wpress\/wp-content\/uploads\/2025\/06\/foto1-1024x768.jpg\" alt=\"\" class=\"wp-image-5154\" style=\"box-shadow:var(--wp--preset--shadow--natural);width:745px;height:auto\" srcset=\"https:\/\/www.aetomazribeiro.net\/wpress\/wp-content\/uploads\/2025\/06\/foto1-1024x768.jpg 1024w, https:\/\/www.aetomazribeiro.net\/wpress\/wp-content\/uploads\/2025\/06\/foto1-300x225.jpg 300w, https:\/\/www.aetomazribeiro.net\/wpress\/wp-content\/uploads\/2025\/06\/foto1-768x576.jpg 768w, https:\/\/www.aetomazribeiro.net\/wpress\/wp-content\/uploads\/2025\/06\/foto1.jpg 1200w\" sizes=\"(max-width: 1024px) 100vw, 1024px\" \/><\/a><\/figure>\n\n\n\n<p>A sa\u00edda da escola ocorreu pelas oito horas e vinte minutos e o primeiro destino foi o imponente Castelo de Almourol, acess\u00edvel apenas por barco, o que tornou a experi\u00eancia ainda mais especial. Durante a visita, os alunos ouviram atentamente as explica\u00e7\u00f5es do guia tur\u00edstico, que os levou numa viagem pela hist\u00f3ria deste castelo medieval, relacionando-o com os conte\u00fados da disciplina de Hist\u00f3ria.<\/p>\n\n\n\n<div class=\"wp-block-uagb-container uagb-block-323dd3a1 alignfull uagb-is-root-container\"><div class=\"uagb-container-inner-blocks-wrap\">\n<div class=\"wp-block-uagb-container uagb-block-585ebf62\">\n<figure class=\"wp-block-image aligncenter size-large is-resized\"><a href=\"https:\/\/www.aetomazribeiro.net\/wpress\/wp-content\/uploads\/2025\/06\/foto4.jpg\"><img decoding=\"async\" width=\"1024\" height=\"766\" src=\"https:\/\/www.aetomazribeiro.net\/wpress\/wp-content\/uploads\/2025\/06\/foto4-1024x766.jpg\" alt=\"\" class=\"wp-image-5157\" style=\"box-shadow:var(--wp--preset--shadow--natural);width:544px;height:auto\" srcset=\"https:\/\/www.aetomazribeiro.net\/wpress\/wp-content\/uploads\/2025\/06\/foto4-1024x766.jpg 1024w, https:\/\/www.aetomazribeiro.net\/wpress\/wp-content\/uploads\/2025\/06\/foto4-300x225.jpg 300w, https:\/\/www.aetomazribeiro.net\/wpress\/wp-content\/uploads\/2025\/06\/foto4-768x575.jpg 768w, https:\/\/www.aetomazribeiro.net\/wpress\/wp-content\/uploads\/2025\/06\/foto4.jpg 1200w\" sizes=\"(max-width: 1024px) 100vw, 1024px\" \/><\/a><\/figure>\n<\/div>\n\n\n\n<div class=\"wp-block-uagb-container uagb-block-82887314\">\n<figure class=\"wp-block-image size-large is-resized\"><a href=\"https:\/\/www.aetomazribeiro.net\/wpress\/wp-content\/uploads\/2025\/06\/foto2.jpg\"><img loading=\"lazy\" decoding=\"async\" width=\"768\" height=\"1024\" src=\"https:\/\/www.aetomazribeiro.net\/wpress\/wp-content\/uploads\/2025\/06\/foto2-768x1024.jpg\" alt=\"\" class=\"wp-image-5156\" style=\"box-shadow:var(--wp--preset--shadow--natural);width:448px;height:auto\" srcset=\"https:\/\/www.aetomazribeiro.net\/wpress\/wp-content\/uploads\/2025\/06\/foto2-768x1024.jpg 768w, https:\/\/www.aetomazribeiro.net\/wpress\/wp-content\/uploads\/2025\/06\/foto2-225x300.jpg 225w, https:\/\/www.aetomazribeiro.net\/wpress\/wp-content\/uploads\/2025\/06\/foto2-1152x1536.jpg 1152w, https:\/\/www.aetomazribeiro.net\/wpress\/wp-content\/uploads\/2025\/06\/foto2.jpg 1200w\" sizes=\"(max-width: 768px) 100vw, 768px\" \/><\/a><\/figure>\n<\/div>\n<\/div><\/div>\n\n\n\n<p><a><\/a>Ap\u00f3s o almo\u00e7o, os estudantes aproveitaram para conviver, passear pelas ruas pitorescas de Const\u00e2ncia e at\u00e9 visitar uma pequena capela local. Seguiu-se a visita ao Jardim Horto, onde conheceram algumas das plantas mencionadas por Cam\u00f5es na sua epopeia, recordando assim epis\u00f3dios j\u00e1 estudados em aula. A caminhada continuou at\u00e9 \u00e0 Casa Mem\u00f3ria de Cam\u00f5es, recentemente reconstru\u00edda para homenagear o poeta e que exibe v\u00e1rias pinturas de escritores portugueses, ligando literatura e patrim\u00f3nio.<\/p>\n\n\n\n<p>No final do dia, o entusiasmo era vis\u00edvel. Os alunos ficaram encantados com tudo o que viram e aprenderam, considerando esta visita uma experi\u00eancia enriquecedora e memor\u00e1vel \u2014 sem d\u00favida, a repetir!<\/p>\n\n\n\n<div style=\"height:56px\" aria-hidden=\"true\" class=\"wp-block-spacer\"><\/div>\n\n\n\n<p class=\"has-text-align-right\">Os alunos do 9\u00baG:<\/p>\n\n\n\n<p class=\"has-text-align-right\">Jo\u00e3o Dinis e Lara Figueira<\/p>\n\n\n\n<p class=\"has-text-align-right\">Angel Matute e Leandro Rodrigues<\/p>\n\n\n\n<p><\/p>\n","protected":false},"excerpt":{"rendered":"<p>Uma Viagem Inesquec\u00edvel a Const\u00e2ncia No dia 29 de abril de 2025, os alunos das turmas 9.\u00baF e 9.\u00baG da [&hellip;]<\/p>\n","protected":false},"author":1,"featured_media":5155,"comment_status":"open","ping_status":"open","sticky":false,"template":"","format":"standard","meta":{"_uag_custom_page_level_css":"","site-sidebar-layout":"default","site-content-layout":"","ast-site-content-layout":"default","site-content-style":"default","site-sidebar-style":"default","ast-global-header-display":"","ast-banner-title-visibility":"","ast-main-header-display":"","ast-hfb-above-header-display":"","ast-hfb-below-header-display":"","ast-hfb-mobile-header-display":"","site-post-title":"disabled","ast-breadcrumbs-content":"","ast-featured-img":"","footer-sml-layout":"","ast-disable-related-posts":"","theme-transparent-header-meta":"","adv-header-id-meta":"","stick-header-meta":"","header-above-stick-meta":"","header-main-stick-meta":"","header-below-stick-meta":"","astra-migrate-meta-layouts":"set","ast-page-background-enabled":"default","ast-page-background-meta":{"desktop":{"background-color":"","background-image":"","background-repeat":"repeat","background-position":"center center","background-size":"auto","background-attachment":"scroll","background-type":"","background-media":"","overlay-type":"","overlay-color":"","overlay-opacity":"","overlay-gradient":""},"tablet":{"background-color":"","background-image":"","background-repeat":"repeat","background-position":"center center","background-size":"auto","background-attachment":"scroll","background-type":"","background-media":"","overlay-type":"","overlay-color":"","overlay-opacity":"","overlay-gradient":""},"mobile":{"background-color":"","background-image":"","background-repeat":"repeat","background-position":"center center","background-size":"auto","background-attachment":"scroll","background-type":"","background-media":"","overlay-type":"","overlay-color":"","overlay-opacity":"","overlay-gradient":""}},"ast-content-background-meta":{"desktop":{"background-color":"var(--ast-global-color-5)","background-image":"","background-repeat":"repeat","background-position":"center center","background-size":"auto","background-attachment":"scroll","background-type":"","background-media":"","overlay-type":"","overlay-color":"","overlay-opacity":"","overlay-gradient":""},"tablet":{"background-color":"var(--ast-global-color-5)","background-image":"","background-repeat":"repeat","background-position":"center center","background-size":"auto","background-attachment":"scroll","background-type":"","background-media":"","overlay-type":"","overlay-color":"","overlay-opacity":"","overlay-gradient":""},"mobile":{"background-color":"var(--ast-global-color-5)","background-image":"","background-repeat":"repeat","background-position":"center center","background-size":"auto","background-attachment":"scroll","background-type":"","background-media":"","overlay-type":"","overlay-color":"","overlay-opacity":"","overlay-gradient":""}},"iawp_total_views":60,"footnotes":""},"categories":[1],"tags":[],"class_list":["post-5152","post","type-post","status-publish","format-standard","has-post-thumbnail","hentry","category-uncategorized"],"uagb_featured_image_src":{"full":["https:\/\/www.aetomazribeiro.net\/wpress\/wp-content\/uploads\/2025\/06\/foto3-1.jpg",1200,898,false],"thumbnail":["https:\/\/www.aetomazribeiro.net\/wpress\/wp-content\/uploads\/2025\/06\/foto3-1-150x150.jpg",150,150,true],"medium":["https:\/\/www.aetomazribeiro.net\/wpress\/wp-content\/uploads\/2025\/06\/foto3-1-300x225.jpg",300,225,true],"medium_large":["https:\/\/www.aetomazribeiro.net\/wpress\/wp-content\/uploads\/2025\/06\/foto3-1-768x575.jpg",768,575,true],"large":["https:\/\/www.aetomazribeiro.net\/wpress\/wp-content\/uploads\/2025\/06\/foto3-1-1024x766.jpg",1024,766,true],"1536x1536":["https:\/\/www.aetomazribeiro.net\/wpress\/wp-content\/uploads\/2025\/06\/foto3-1.jpg",1200,898,false],"2048x2048":["https:\/\/www.aetomazribeiro.net\/wpress\/wp-content\/uploads\/2025\/06\/foto3-1.jpg",1200,898,false]},"uagb_author_info":{"display_name":"admin","author_link":"https:\/\/www.aetomazribeiro.net\/wpress\/author\/admin\/"},"uagb_comment_info":0,"uagb_excerpt":"Uma Viagem Inesquec\u00edvel a Const\u00e2ncia No dia 29 de abril de 2025, os alunos das turmas 9.\u00baF e 9.\u00baG da [&hellip;]","_links":{"self":[{"href":"https:\/\/www.aetomazribeiro.net\/wpress\/wp-json\/wp\/v2\/posts\/5152","targetHints":{"allow":["GET"]}}],"collection":[{"href":"https:\/\/www.aetomazribeiro.net\/wpress\/wp-json\/wp\/v2\/posts"}],"about":[{"href":"https:\/\/www.aetomazribeiro.net\/wpress\/wp-json\/wp\/v2\/types\/post"}],"author":[{"embeddable":true,"href":"https:\/\/www.aetomazribeiro.net\/wpress\/wp-json\/wp\/v2\/users\/1"}],"replies":[{"embeddable":true,"href":"https:\/\/www.aetomazribeiro.net\/wpress\/wp-json\/wp\/v2\/comments?post=5152"}],"version-history":[{"count":0,"href":"https:\/\/www.aetomazribeiro.net\/wpress\/wp-json\/wp\/v2\/posts\/5152\/revisions"}],"wp:featuredmedia":[{"embeddable":true,"href":"https:\/\/www.aetomazribeiro.net\/wpress\/wp-json\/wp\/v2\/media\/5155"}],"wp:attachment":[{"href":"https:\/\/www.aetomazribeiro.net\/wpress\/wp-json\/wp\/v2\/media?parent=5152"}],"wp:term":[{"taxonomy":"category","embeddable":true,"href":"https:\/\/www.aetomazribeiro.net\/wpress\/wp-json\/wp\/v2\/categories?post=5152"},{"taxonomy":"post_tag","embeddable":true,"href":"https:\/\/www.aetomazribeiro.net\/wpress\/wp-json\/wp\/v2\/tags?post=5152"}],"curies":[{"name":"wp","href":"https:\/\/api.w.org\/{rel}","templated":true}]}}