{"id":5136,"date":"2025-06-04T14:33:49","date_gmt":"2025-06-04T14:33:49","guid":{"rendered":"https:\/\/www.aetomazribeiro.net\/wpress\/?p=5136"},"modified":"2025-06-06T09:19:50","modified_gmt":"2025-06-06T09:19:50","slug":"ii-festival-de-cinema-do-agrupamento","status":"publish","type":"post","link":"https:\/\/www.aetomazribeiro.net\/wpress\/ii-festival-de-cinema-do-agrupamento\/","title":{"rendered":"II Festival de Cinema do Agrupamento"},"content":{"rendered":"\n<h3 class=\"wp-block-heading has-text-align-center\">II Festival de Cinema do Agrupamento<\/h3>\n\n\n\n<div class=\"wp-block-uagb-container uagb-block-62882e1e alignfull uagb-is-root-container\"><div class=\"uagb-container-inner-blocks-wrap\">\n<div class=\"wp-block-uagb-container uagb-block-319e3b1d\">\n<figure class=\"wp-block-image size-large\"><a href=\"https:\/\/www.aetomazribeiro.net\/wpress\/wp-content\/uploads\/2025\/06\/Presidente-da-Camara-Municipal-de-Tondela.jpeg\"><img fetchpriority=\"high\" decoding=\"async\" width=\"1024\" height=\"1024\" src=\"https:\/\/www.aetomazribeiro.net\/wpress\/wp-content\/uploads\/2025\/06\/Presidente-da-Camara-Municipal-de-Tondela-1024x1024.jpeg\" alt=\"\" class=\"wp-image-5138\" style=\"box-shadow:var(--wp--preset--shadow--natural)\" srcset=\"https:\/\/www.aetomazribeiro.net\/wpress\/wp-content\/uploads\/2025\/06\/Presidente-da-Camara-Municipal-de-Tondela-1024x1024.jpeg 1024w, https:\/\/www.aetomazribeiro.net\/wpress\/wp-content\/uploads\/2025\/06\/Presidente-da-Camara-Municipal-de-Tondela-300x300.jpeg 300w, https:\/\/www.aetomazribeiro.net\/wpress\/wp-content\/uploads\/2025\/06\/Presidente-da-Camara-Municipal-de-Tondela-150x150.jpeg 150w, https:\/\/www.aetomazribeiro.net\/wpress\/wp-content\/uploads\/2025\/06\/Presidente-da-Camara-Municipal-de-Tondela-768x768.jpeg 768w, https:\/\/www.aetomazribeiro.net\/wpress\/wp-content\/uploads\/2025\/06\/Presidente-da-Camara-Municipal-de-Tondela.jpeg 1500w\" sizes=\"(max-width: 1024px) 100vw, 1024px\" \/><\/a><\/figure>\n<\/div>\n\n\n\n<div class=\"wp-block-uagb-container uagb-block-00f8af42\">\n<figure class=\"wp-block-image size-large\"><a href=\"https:\/\/www.aetomazribeiro.net\/wpress\/wp-content\/uploads\/2025\/06\/Professora-apresentadora.jpeg\"><img decoding=\"async\" width=\"1024\" height=\"1024\" src=\"https:\/\/www.aetomazribeiro.net\/wpress\/wp-content\/uploads\/2025\/06\/Professora-apresentadora-1024x1024.jpeg\" alt=\"\" class=\"wp-image-5139\" style=\"box-shadow:var(--wp--preset--shadow--natural)\" srcset=\"https:\/\/www.aetomazribeiro.net\/wpress\/wp-content\/uploads\/2025\/06\/Professora-apresentadora-1024x1024.jpeg 1024w, https:\/\/www.aetomazribeiro.net\/wpress\/wp-content\/uploads\/2025\/06\/Professora-apresentadora-300x300.jpeg 300w, https:\/\/www.aetomazribeiro.net\/wpress\/wp-content\/uploads\/2025\/06\/Professora-apresentadora-150x150.jpeg 150w, https:\/\/www.aetomazribeiro.net\/wpress\/wp-content\/uploads\/2025\/06\/Professora-apresentadora-768x768.jpeg 768w, https:\/\/www.aetomazribeiro.net\/wpress\/wp-content\/uploads\/2025\/06\/Professora-apresentadora.jpeg 1500w\" sizes=\"(max-width: 1024px) 100vw, 1024px\" \/><\/a><\/figure>\n<\/div>\n<\/div><\/div>\n\n\n\n<p>No dia 29 de maio, decorreu, na Acert, o II Festival de Cinema do AE Tondela Tomaz Ribeiro. Esta iniciativa visa dar a conhecer \u00e0 comunidade a voz autoral dos nossos alunos, enquanto criadores de cinema.<\/p>\n\n\n\n<p>\u00c0 semelhan\u00e7a do ano transato, este Festival decorreu de uma iniciativa das Bibliotecas Escolares e da Dire\u00e7\u00e3o, integrando a sua equipa organizadora os seguintes elementos: Lu\u00eds Costa (Subdiretor); Elisa Figueiredo (Coordenadora das Bibliotecas Escolares e Professora Bibliotec\u00e1ria); Pedro Pereira (Professor Bibliotec\u00e1rio) e Carlos Cravo (Clube Multim\u00e9dia).&nbsp;<\/p>\n\n\n\n<p>As Bibliotecas Escolares articularam com v\u00e1rios parceiros internos e externos: internamente, a Autonomia e Flexibilidade Curricular, os conselhos turma e as equipas educativas, os professores de artes e outros; externamente, a Rede de Bibliotecas Escolares, o Munic\u00edpio de Tondela, a Rede de Bibliotecas de Tondela e a ACERT Tondela; as Bibliotecas Escolares convidaram especialistas do Cine Clube de Viseu, o cineasta Miguel Lima (BAP &#8211; Animation Studio) e o escritor e jornalista Nuno Santos, ambos antigos alunos da Escola Secund\u00e1ria de Tondela.<\/p>\n\n\n\n<p>A Presidente da C\u00e2mara Municipal de Tondela, Carla Antunes Borges, o Subdiretor do Agrupamento, Lu\u00eds Costa, e a Coordenadora Interconcelhia das Bibliotecas Escolares, Helena Duque, dirigiram algumas palavras ao p\u00fablico presente (alunos, professores, representantes das Associa\u00e7\u00f5es de Pais e outros elementos da comunidade), sobre a import\u00e2ncia deste evento.<\/p>\n\n\n\n<p>A apresenta\u00e7\u00e3o e condu\u00e7\u00e3o dos trabalhos foi da responsabilidade da professora Elisa Figueiredo, com envolvimento dos v\u00e1rios alunos nas apresenta\u00e7\u00f5es das curtas da (co)autoria das suas turmas: Theo Correa (10.\u00baF) e Luan Fonseca (11.\u00baF); Danilo Zuma (9.\u00baA) e Raquel Lourosa (9.\u00baD); Mercedes Henriques (7.\u00baE). Rodrigo Almeida (12.\u00baD) apresentou duas produ\u00e7\u00f5es da sua autoria. O cartaz do Festival \u00e9 tamb\u00e9m da autoria do Rodrigo.<\/p>\n\n\n\n<p>O cinema passou a ser considerado como a s\u00e9tima arte a partir de 1912, com a publica\u00e7\u00e3o do \u201cManifesto das Sete Artes\u201d, escrito pelo intelectual italiano, Ricciotto Canudo. Justificou seu posicionamento da seguinte maneira: \u201cPor ser uma arte do espa\u00e7o e do tempo, o cinema ser\u00e1 a grande s\u00edntese de todas, a s\u00e9tima arte, pois parte de uma imagem projetada numa superf\u00edcie, como a pintura ou a fotografia, mas envolve o movimento, relacionando-se ao ritmo, ao tempo\u201d. O cinema sonoro surge no final dos anos 20, em 1927, com o filme \u201cThe Jazz singer\u201d.&nbsp;<\/p>\n\n\n\n<p>Por envolver quase todos os 5 sentidos, a s\u00e9tima arte ser\u00e1 eventualmente a mais imersiva de todas. Os nossos alunos, ao fazer cinema, mobilizam v\u00e1rias artes e literacias enquanto criadores: express\u00e3o pl\u00e1stica, a escrita e a leitura, o ritmo e a poesia ou, por outras palavras, o RAP (sigla origin\u00e1ria da l\u00edngua inglesa, para \u201cRhythm and Poetry\u201d), uma das formas de express\u00e3o dentro da cultura Hip Hop, que tamb\u00e9m inspirou e muito os nossos alunos. \u201cCam\u00f5es \u00e9 um poeta Hip Hop\u201d \u00e9 o nome do projeto das Bibliotecas Escolares selecionado, a n\u00edvel nacional, pela Rede de Bibliotecas Escolares, no contexto da candidatura bePLAN25, e que desafiou os alunos a descobrirem o valor e o poder da sua pr\u00f3pria voz ou do seu pr\u00f3prio canto, inspirados pelo nosso Pr\u00edncipe dos Poetas, atrav\u00e9s da escrita criativa, m\u00fasica Hip Hop e cria\u00e7\u00e3o cinematogr\u00e1fica.<\/p>\n\n\n\n<div class=\"wp-block-uagb-container uagb-block-a838d9b3 alignfull uagb-is-root-container\"><div class=\"uagb-container-inner-blocks-wrap\">\n<div class=\"wp-block-uagb-container uagb-block-efe1bd07\">\n<figure class=\"wp-block-image size-large\"><a href=\"https:\/\/www.aetomazribeiro.net\/wpress\/wp-content\/uploads\/2025\/06\/Subdiretor.jpeg\"><img decoding=\"async\" width=\"1024\" height=\"1024\" src=\"https:\/\/www.aetomazribeiro.net\/wpress\/wp-content\/uploads\/2025\/06\/Subdiretor-1024x1024.jpeg\" alt=\"\" class=\"wp-image-5142\" style=\"box-shadow:var(--wp--preset--shadow--natural)\" srcset=\"https:\/\/www.aetomazribeiro.net\/wpress\/wp-content\/uploads\/2025\/06\/Subdiretor-1024x1024.jpeg 1024w, https:\/\/www.aetomazribeiro.net\/wpress\/wp-content\/uploads\/2025\/06\/Subdiretor-300x300.jpeg 300w, https:\/\/www.aetomazribeiro.net\/wpress\/wp-content\/uploads\/2025\/06\/Subdiretor-150x150.jpeg 150w, https:\/\/www.aetomazribeiro.net\/wpress\/wp-content\/uploads\/2025\/06\/Subdiretor-768x768.jpeg 768w, https:\/\/www.aetomazribeiro.net\/wpress\/wp-content\/uploads\/2025\/06\/Subdiretor.jpeg 1500w\" sizes=\"(max-width: 1024px) 100vw, 1024px\" \/><\/a><\/figure>\n<\/div>\n\n\n\n<div class=\"wp-block-uagb-container uagb-block-5819ad74\">\n<figure class=\"wp-block-image size-large\"><a href=\"https:\/\/www.aetomazribeiro.net\/wpress\/wp-content\/uploads\/2025\/06\/Coordenadora-Interconcelhia-das-Bibliotecas.jpeg\"><img loading=\"lazy\" decoding=\"async\" width=\"1024\" height=\"1024\" src=\"https:\/\/www.aetomazribeiro.net\/wpress\/wp-content\/uploads\/2025\/06\/Coordenadora-Interconcelhia-das-Bibliotecas-1024x1024.jpeg\" alt=\"\" class=\"wp-image-5143\" style=\"box-shadow:var(--wp--preset--shadow--natural)\" srcset=\"https:\/\/www.aetomazribeiro.net\/wpress\/wp-content\/uploads\/2025\/06\/Coordenadora-Interconcelhia-das-Bibliotecas-1024x1024.jpeg 1024w, https:\/\/www.aetomazribeiro.net\/wpress\/wp-content\/uploads\/2025\/06\/Coordenadora-Interconcelhia-das-Bibliotecas-300x300.jpeg 300w, https:\/\/www.aetomazribeiro.net\/wpress\/wp-content\/uploads\/2025\/06\/Coordenadora-Interconcelhia-das-Bibliotecas-150x150.jpeg 150w, https:\/\/www.aetomazribeiro.net\/wpress\/wp-content\/uploads\/2025\/06\/Coordenadora-Interconcelhia-das-Bibliotecas-768x768.jpeg 768w, https:\/\/www.aetomazribeiro.net\/wpress\/wp-content\/uploads\/2025\/06\/Coordenadora-Interconcelhia-das-Bibliotecas.jpeg 1500w\" sizes=\"(max-width: 1024px) 100vw, 1024px\" \/><\/a><\/figure>\n<\/div>\n<\/div><\/div>\n\n\n\n<p>O alinhamento incluiu somente filmes da autoria dos alunos, orientados por professores e\/ou especialistas convidados ou produzidos autonomamente, com qualidade.&nbsp;<\/p>\n\n\n\n<p>O visionamento teve in\u00edcio com exibi\u00e7\u00e3o das curtas de anima\u00e7\u00e3o realizadas pelos alunos, que foram nomeadas para v\u00e1rios pr\u00e9mios nacionais e internacionais.&nbsp;<\/p>\n\n\n\n<p>A curta PAZ DE ESP\u00cdRITO foi realizada por alunos do 11.\u00baano, num ano letivo anterior, nas oficinas de cinema que decorreram na Biblioteca da Escola Secund\u00e1ria de Tondela, com a parceria do Cine Clube de Viseu.<\/p>\n\n\n\n<p>A produ\u00e7\u00e3o deste filme surgiu no contexto do projeto Movimento 14-20 a Ler, apoiado pelo Plano Nacional de Leitura e que envolveu a Rede de Bibliotecas de Tondela e o munic\u00edpio.<\/p>\n\n\n\n<p>Paz de Esp\u00edrito foi nomeado para 2 pr\u00e9mios, a n\u00edvel nacional: o Pr\u00e9mio Nacional da Anima\u00e7\u00e3o 2022, na categoria \u201cFilmes de oficinas\u201d, e Pr\u00e9mio A\u00e7\u00e3o 09!, na categoria \u201cMelhor filme de anima\u00e7\u00e3o do Ensino Secund\u00e1rio\u201d.<\/p>\n\n\n\n<p>De seguida, foi projetada a curta AS M\u00c3OS. Trata-se de uma anima\u00e7\u00e3o do poema de Manuel Alegre, realizada pela turma do 10.\u00baF, no ano passado, utilizando a t\u00e9cnica de anima\u00e7\u00e3o tradicional em 2D, com grafite sobre papel vegetal. O workshop foi orientado por Miguel Lima do Bap Animation Studio do Porto, em articula\u00e7\u00e3o com a Biblioteca Escolar e as disciplinas de Desenho A e Cidadania.<\/p>\n\n\n\n<p>&#8220;As M\u00e3os&#8221; foi nomeada para os tr\u00eas maiores pr\u00e9mios e festivais internacionais de cinema de anima\u00e7\u00e3o do nosso pa\u00eds:&nbsp;<\/p>\n\n\n\n<p>&#8211; PR\u00c9MIO NACIONAL DA ANIMA\u00c7\u00c3O 2024, na categoria de Oficinas (foi exibido na Festa Mundial da Anima\u00e7\u00e3o 2024, promovido pela Casa da Anima\u00e7\u00e3o)<\/p>\n\n\n\n<p>&#8211; PR\u00c9MIO CURT\u00cdSSIMAS do MONSTRA| Festival de Anima\u00e7\u00e3o de Lisboa.<\/p>\n\n\n\n<p>&#8211; PR\u00c9MIO JOVEM CINEASTA PORTUGU\u00caS (Obras feitas por Crian\u00e7as e Jovens, at\u00e9 aos 18 anos de idade, no \u00e2mbito de oficinas de car\u00e1ter l\u00fadico e\/ou educativo), do CINANIMA 2024. O filme esteve em competi\u00e7\u00e3o no CINANIMA &#8211; Festival Internacional de Cinema de Anima\u00e7\u00e3o, que decorreu na cidade de Espinho, de 8 a 17 de novembro de 2024, e os alunos estiveram presentes, como realizadores.<\/p>\n\n\n\n<div class=\"wp-block-uagb-container uagb-block-594aebb0 alignfull uagb-is-root-container\"><div class=\"uagb-container-inner-blocks-wrap\">\n<div class=\"wp-block-uagb-container uagb-block-97beba49\">\n<figure class=\"wp-block-image size-large\"><a href=\"https:\/\/www.aetomazribeiro.net\/wpress\/wp-content\/uploads\/2025\/06\/Aluna-apresentadora-3-1.jpeg\"><img loading=\"lazy\" decoding=\"async\" width=\"1024\" height=\"1024\" src=\"https:\/\/www.aetomazribeiro.net\/wpress\/wp-content\/uploads\/2025\/06\/Aluna-apresentadora-3-1-1024x1024.jpeg\" alt=\"\" class=\"wp-image-5147\" style=\"box-shadow:var(--wp--preset--shadow--natural)\" srcset=\"https:\/\/www.aetomazribeiro.net\/wpress\/wp-content\/uploads\/2025\/06\/Aluna-apresentadora-3-1-1024x1024.jpeg 1024w, https:\/\/www.aetomazribeiro.net\/wpress\/wp-content\/uploads\/2025\/06\/Aluna-apresentadora-3-1-300x300.jpeg 300w, https:\/\/www.aetomazribeiro.net\/wpress\/wp-content\/uploads\/2025\/06\/Aluna-apresentadora-3-1-150x150.jpeg 150w, https:\/\/www.aetomazribeiro.net\/wpress\/wp-content\/uploads\/2025\/06\/Aluna-apresentadora-3-1-768x768.jpeg 768w, https:\/\/www.aetomazribeiro.net\/wpress\/wp-content\/uploads\/2025\/06\/Aluna-apresentadora-3-1.jpeg 1500w\" sizes=\"(max-width: 1024px) 100vw, 1024px\" \/><\/a><\/figure>\n<\/div>\n\n\n\n<div class=\"wp-block-uagb-container uagb-block-de3add98\">\n<figure class=\"wp-block-image size-large\"><a href=\"https:\/\/www.aetomazribeiro.net\/wpress\/wp-content\/uploads\/2025\/06\/Aluno-apresentador-4-1024x768.jpeg\"><img loading=\"lazy\" decoding=\"async\" width=\"1024\" height=\"768\" src=\"https:\/\/www.aetomazribeiro.net\/wpress\/wp-content\/uploads\/2025\/06\/Aluno-apresentador-4-1024x768.jpeg\" alt=\"\" class=\"wp-image-5148\" style=\"box-shadow:var(--wp--preset--shadow--natural)\" srcset=\"https:\/\/www.aetomazribeiro.net\/wpress\/wp-content\/uploads\/2025\/06\/Aluno-apresentador-4-1024x768.jpeg 1024w, https:\/\/www.aetomazribeiro.net\/wpress\/wp-content\/uploads\/2025\/06\/Aluno-apresentador-4-300x225.jpeg 300w, https:\/\/www.aetomazribeiro.net\/wpress\/wp-content\/uploads\/2025\/06\/Aluno-apresentador-4-768x576.jpeg 768w, https:\/\/www.aetomazribeiro.net\/wpress\/wp-content\/uploads\/2025\/06\/Aluno-apresentador-4-1536x1152.jpeg 1536w, https:\/\/www.aetomazribeiro.net\/wpress\/wp-content\/uploads\/2025\/06\/Aluno-apresentador-4.jpeg 2048w\" sizes=\"(max-width: 1024px) 100vw, 1024px\" \/><\/a><\/figure>\n<\/div>\n<\/div><\/div>\n\n\n\n<p>Seguidamente, foi exibido o filme CHOC&#8217;A\u00cd, realizado no ano transato pela atual turma do 7.\u00baE, resultando de um projeto de articula\u00e7\u00e3o interdisciplinar entre Ed. Visual, Ed. Tecnol\u00f3gica, Ed. Musical e a \u00e1rea de Complemento \u00e0 Ed. Art\u00edstica, sobre a tem\u00e1tica t\u00e3o atual e pertinente do Bullying.<\/p>\n\n\n\n<p>Seguiu-se a curta O BRILHO \u00c9 DE QUEM BRILHA E EU SE BRILHO N\u00c3O SEI. Os alunos do 8.\u00baG, 8.\u00baH e 9.\u00baD animarem, em filme, excertos de textos escritos por si e por outros colegas do 3.\u00ba ciclo, no contexto das oficinas de escrita orientadas por Nuno Santos, durante o Festival Montanha Liter\u00e1ria, no ano transato. Neste ano letivo, os alunos do 9.\u00baD animaram o texto, em vers\u00e3o Hip Hop, tamb\u00e9m com a colabora\u00e7\u00e3o de Nuno Santos e, por fim, em filme, utilizando a t\u00e9cnica de stop motion, em workshops de cinema que decorreram nas escolas, orientadas pelo Cine Clube de Viseu e pelas Bibliotecas Escolares.<\/p>\n\n\n\n<p>No \u00faltimo bloco de filmes, o aluno Rodrigo Almeida do 12.\u00baano apresentou duas produ\u00e7\u00f5es suas. O Rodrigo apresentou a curta BIBLIOTECA ESCOLAR &#8211; A LIGAR COMUNIDADES, da seguinte forma: &#8221; No M\u00eas Internacional da Biblioteca Escolar, que se celebra em outubro, a Rede de Bibliotecas Escolares lan\u00e7ou um desafio de v\u00eddeo, a n\u00edvel nacional, com o tema \u00abBibliotecas Escolares: A ligar comunidades!\u201d, para os alunos ilustrarem a forma como as suas bibliotecas interagem com a comunidade local. A professora bibliotec\u00e1ria apresentou-me essa proposta que eu aceitei de imediato. Acompanhei v\u00e1rias atividades na Biblioteca da Escola Secund\u00e1ria de Tondela, e registei em fotografia e v\u00eddeo alguns momentos em que para mim ficou claro o tema proposto. Consegui mostrar como a biblioteca \u00e9 um espa\u00e7o acolhedor, &#8220;De todos e para todos&#8221;, o lema do nosso agrupamento.\u00bb<\/p>\n\n\n\n<div class=\"wp-block-uagb-container uagb-block-ec0d6e31 alignfull uagb-is-root-container\"><div class=\"uagb-container-inner-blocks-wrap\">\n<div class=\"wp-block-uagb-container uagb-block-55099c89\">\n<figure class=\"wp-block-image size-large\"><a href=\"https:\/\/www.aetomazribeiro.net\/wpress\/wp-content\/uploads\/2025\/06\/Alunos-apresentadores-1.jpeg\"><img loading=\"lazy\" decoding=\"async\" width=\"1024\" height=\"1024\" src=\"https:\/\/www.aetomazribeiro.net\/wpress\/wp-content\/uploads\/2025\/06\/Alunos-apresentadores-1-1024x1024.jpeg\" alt=\"\" class=\"wp-image-5145\" style=\"box-shadow:var(--wp--preset--shadow--natural)\" srcset=\"https:\/\/www.aetomazribeiro.net\/wpress\/wp-content\/uploads\/2025\/06\/Alunos-apresentadores-1-1024x1024.jpeg 1024w, https:\/\/www.aetomazribeiro.net\/wpress\/wp-content\/uploads\/2025\/06\/Alunos-apresentadores-1-300x300.jpeg 300w, https:\/\/www.aetomazribeiro.net\/wpress\/wp-content\/uploads\/2025\/06\/Alunos-apresentadores-1-150x150.jpeg 150w, https:\/\/www.aetomazribeiro.net\/wpress\/wp-content\/uploads\/2025\/06\/Alunos-apresentadores-1-768x768.jpeg 768w, https:\/\/www.aetomazribeiro.net\/wpress\/wp-content\/uploads\/2025\/06\/Alunos-apresentadores-1.jpeg 1500w\" sizes=\"(max-width: 1024px) 100vw, 1024px\" \/><\/a><\/figure>\n<\/div>\n\n\n\n<div class=\"wp-block-uagb-container uagb-block-f6c6b868\">\n<figure class=\"wp-block-image size-large\"><a href=\"https:\/\/www.aetomazribeiro.net\/wpress\/wp-content\/uploads\/2025\/06\/Alunos-apresentadores-2.jpeg\"><img loading=\"lazy\" decoding=\"async\" width=\"1024\" height=\"768\" src=\"https:\/\/www.aetomazribeiro.net\/wpress\/wp-content\/uploads\/2025\/06\/Alunos-apresentadores-2-1024x768.jpeg\" alt=\"\" class=\"wp-image-5146\" style=\"box-shadow:var(--wp--preset--shadow--natural)\" srcset=\"https:\/\/www.aetomazribeiro.net\/wpress\/wp-content\/uploads\/2025\/06\/Alunos-apresentadores-2-1024x768.jpeg 1024w, https:\/\/www.aetomazribeiro.net\/wpress\/wp-content\/uploads\/2025\/06\/Alunos-apresentadores-2-300x225.jpeg 300w, https:\/\/www.aetomazribeiro.net\/wpress\/wp-content\/uploads\/2025\/06\/Alunos-apresentadores-2-768x576.jpeg 768w, https:\/\/www.aetomazribeiro.net\/wpress\/wp-content\/uploads\/2025\/06\/Alunos-apresentadores-2-1536x1152.jpeg 1536w, https:\/\/www.aetomazribeiro.net\/wpress\/wp-content\/uploads\/2025\/06\/Alunos-apresentadores-2.jpeg 2048w\" sizes=\"(max-width: 1024px) 100vw, 1024px\" \/><\/a><\/figure>\n<\/div>\n<\/div><\/div>\n\n\n\n<p>Por fim, foi exibido o seu filme 50 ANOS DE 25 DE ABRIL. O Rodrigo entrevistou v\u00e1rias mulheres do nosso concelho que viveram a experi\u00eancia do 25 de abril e da ditadura, na 1.\u00aa pessoa. O seu testemunho oferece um retrato &#8220;em carne viva&#8221; da condi\u00e7\u00e3o feminina durante a ditadura e do que mudou nas suas vidas com a Revolu\u00e7\u00e3o dos Cravos. A professora de Hist\u00f3ria na Escola Secund\u00e1ria de Tondela, Anabela Dias, \u00e9 tamb\u00e9m entrevistada e faz um excelente enquadramento hist\u00f3rico e social da \u00e9poca.<\/p>\n\n\n\n<p>Pela sua qualidade, este document\u00e1rio integrar\u00e1 o fundo documental das Bibliotecas Escolares.&nbsp;<\/p>\n\n\n\n<p>Os filmes podem ser vistos no canal de Youtube ou na p\u00e1gina de Facebook das Bibliotecas do AE Tondela Tomaz Ribeiro.<\/p>\n\n\n\n<p>UM GRANDE BEM-HAJA A TODOS OS PARCEIROS INTERNOS E EXTERNOS QUE CONTRIBU\u00cdRAM PARA TORNAR ESTE MOMENTO T\u00c3O ESPECIAL!<\/p>\n\n\n\n<p>MUITOS PARAB\u00c9NS AOS NOSSOS TALENTOSOS ALUNOS!<\/p>\n\n\n\n<p><em>Elisa Figueiredo (Coordenadora das Bibliotecas do AE Tondela Tomaz Ribeiro)<\/em><\/p>\n\n\n\n<p><\/p>\n","protected":false},"excerpt":{"rendered":"<p>II Festival de Cinema do Agrupamento No dia 29 de maio, decorreu, na Acert, o II Festival de Cinema do [&hellip;]<\/p>\n","protected":false},"author":1,"featured_media":5137,"comment_status":"open","ping_status":"open","sticky":false,"template":"","format":"standard","meta":{"_uag_custom_page_level_css":"","site-sidebar-layout":"default","site-content-layout":"","ast-site-content-layout":"default","site-content-style":"default","site-sidebar-style":"default","ast-global-header-display":"","ast-banner-title-visibility":"","ast-main-header-display":"","ast-hfb-above-header-display":"","ast-hfb-below-header-display":"","ast-hfb-mobile-header-display":"","site-post-title":"disabled","ast-breadcrumbs-content":"","ast-featured-img":"","footer-sml-layout":"","ast-disable-related-posts":"","theme-transparent-header-meta":"","adv-header-id-meta":"","stick-header-meta":"","header-above-stick-meta":"","header-main-stick-meta":"","header-below-stick-meta":"","astra-migrate-meta-layouts":"set","ast-page-background-enabled":"default","ast-page-background-meta":{"desktop":{"background-color":"","background-image":"","background-repeat":"repeat","background-position":"center center","background-size":"auto","background-attachment":"scroll","background-type":"","background-media":"","overlay-type":"","overlay-color":"","overlay-opacity":"","overlay-gradient":""},"tablet":{"background-color":"","background-image":"","background-repeat":"repeat","background-position":"center center","background-size":"auto","background-attachment":"scroll","background-type":"","background-media":"","overlay-type":"","overlay-color":"","overlay-opacity":"","overlay-gradient":""},"mobile":{"background-color":"","background-image":"","background-repeat":"repeat","background-position":"center center","background-size":"auto","background-attachment":"scroll","background-type":"","background-media":"","overlay-type":"","overlay-color":"","overlay-opacity":"","overlay-gradient":""}},"ast-content-background-meta":{"desktop":{"background-color":"var(--ast-global-color-5)","background-image":"","background-repeat":"repeat","background-position":"center center","background-size":"auto","background-attachment":"scroll","background-type":"","background-media":"","overlay-type":"","overlay-color":"","overlay-opacity":"","overlay-gradient":""},"tablet":{"background-color":"var(--ast-global-color-5)","background-image":"","background-repeat":"repeat","background-position":"center center","background-size":"auto","background-attachment":"scroll","background-type":"","background-media":"","overlay-type":"","overlay-color":"","overlay-opacity":"","overlay-gradient":""},"mobile":{"background-color":"var(--ast-global-color-5)","background-image":"","background-repeat":"repeat","background-position":"center center","background-size":"auto","background-attachment":"scroll","background-type":"","background-media":"","overlay-type":"","overlay-color":"","overlay-opacity":"","overlay-gradient":""}},"iawp_total_views":36,"footnotes":""},"categories":[1],"tags":[],"class_list":["post-5136","post","type-post","status-publish","format-standard","has-post-thumbnail","hentry","category-uncategorized"],"uagb_featured_image_src":{"full":["https:\/\/www.aetomazribeiro.net\/wpress\/wp-content\/uploads\/2025\/06\/Aluna-apresentadora-3.jpeg",1500,1500,false],"thumbnail":["https:\/\/www.aetomazribeiro.net\/wpress\/wp-content\/uploads\/2025\/06\/Aluna-apresentadora-3-150x150.jpeg",150,150,true],"medium":["https:\/\/www.aetomazribeiro.net\/wpress\/wp-content\/uploads\/2025\/06\/Aluna-apresentadora-3-300x300.jpeg",300,300,true],"medium_large":["https:\/\/www.aetomazribeiro.net\/wpress\/wp-content\/uploads\/2025\/06\/Aluna-apresentadora-3-768x768.jpeg",768,768,true],"large":["https:\/\/www.aetomazribeiro.net\/wpress\/wp-content\/uploads\/2025\/06\/Aluna-apresentadora-3-1024x1024.jpeg",1024,1024,true],"1536x1536":["https:\/\/www.aetomazribeiro.net\/wpress\/wp-content\/uploads\/2025\/06\/Aluna-apresentadora-3.jpeg",1500,1500,false],"2048x2048":["https:\/\/www.aetomazribeiro.net\/wpress\/wp-content\/uploads\/2025\/06\/Aluna-apresentadora-3.jpeg",1500,1500,false]},"uagb_author_info":{"display_name":"admin","author_link":"https:\/\/www.aetomazribeiro.net\/wpress\/author\/admin\/"},"uagb_comment_info":0,"uagb_excerpt":"II Festival de Cinema do Agrupamento No dia 29 de maio, decorreu, na Acert, o II Festival de Cinema do [&hellip;]","_links":{"self":[{"href":"https:\/\/www.aetomazribeiro.net\/wpress\/wp-json\/wp\/v2\/posts\/5136","targetHints":{"allow":["GET"]}}],"collection":[{"href":"https:\/\/www.aetomazribeiro.net\/wpress\/wp-json\/wp\/v2\/posts"}],"about":[{"href":"https:\/\/www.aetomazribeiro.net\/wpress\/wp-json\/wp\/v2\/types\/post"}],"author":[{"embeddable":true,"href":"https:\/\/www.aetomazribeiro.net\/wpress\/wp-json\/wp\/v2\/users\/1"}],"replies":[{"embeddable":true,"href":"https:\/\/www.aetomazribeiro.net\/wpress\/wp-json\/wp\/v2\/comments?post=5136"}],"version-history":[{"count":0,"href":"https:\/\/www.aetomazribeiro.net\/wpress\/wp-json\/wp\/v2\/posts\/5136\/revisions"}],"wp:featuredmedia":[{"embeddable":true,"href":"https:\/\/www.aetomazribeiro.net\/wpress\/wp-json\/wp\/v2\/media\/5137"}],"wp:attachment":[{"href":"https:\/\/www.aetomazribeiro.net\/wpress\/wp-json\/wp\/v2\/media?parent=5136"}],"wp:term":[{"taxonomy":"category","embeddable":true,"href":"https:\/\/www.aetomazribeiro.net\/wpress\/wp-json\/wp\/v2\/categories?post=5136"},{"taxonomy":"post_tag","embeddable":true,"href":"https:\/\/www.aetomazribeiro.net\/wpress\/wp-json\/wp\/v2\/tags?post=5136"}],"curies":[{"name":"wp","href":"https:\/\/api.w.org\/{rel}","templated":true}]}}