{"id":5020,"date":"2025-05-28T15:19:21","date_gmt":"2025-05-28T15:19:21","guid":{"rendered":"https:\/\/www.aetomazribeiro.net\/wpress\/?p=5020"},"modified":"2025-05-28T15:19:23","modified_gmt":"2025-05-28T15:19:23","slug":"13-a-edicao-do-programa-wanted-escolas-empreendedoras","status":"publish","type":"post","link":"https:\/\/www.aetomazribeiro.net\/wpress\/13-a-edicao-do-programa-wanted-escolas-empreendedoras\/","title":{"rendered":"13.\u00aa edi\u00e7\u00e3o do programa Wanted Escolas Empreendedoras"},"content":{"rendered":"\n<figure class=\"wp-block-image aligncenter size-large is-resized\"><a href=\"https:\/\/www.aetomazribeiro.net\/wpress\/wp-content\/uploads\/2025\/05\/foto1.jpg\"><img fetchpriority=\"high\" decoding=\"async\" width=\"1024\" height=\"680\" src=\"https:\/\/www.aetomazribeiro.net\/wpress\/wp-content\/uploads\/2025\/05\/foto1-1024x680.jpg\" alt=\"\" class=\"wp-image-5021\" style=\"box-shadow:var(--wp--preset--shadow--natural);width:703px;height:auto\" srcset=\"https:\/\/www.aetomazribeiro.net\/wpress\/wp-content\/uploads\/2025\/05\/foto1-1024x680.jpg 1024w, https:\/\/www.aetomazribeiro.net\/wpress\/wp-content\/uploads\/2025\/05\/foto1-300x199.jpg 300w, https:\/\/www.aetomazribeiro.net\/wpress\/wp-content\/uploads\/2025\/05\/foto1-768x510.jpg 768w, https:\/\/www.aetomazribeiro.net\/wpress\/wp-content\/uploads\/2025\/05\/foto1.jpg 1200w\" sizes=\"(max-width: 1024px) 100vw, 1024px\" \/><\/a><\/figure>\n\n\n\n<div style=\"height:54px\" aria-hidden=\"true\" class=\"wp-block-spacer\"><\/div>\n\n\n\n<p>A Escola Secund\u00e1ria de Tondela \ud835\udde6\ud835\uddfc\ud835\uddfa\ud835\uddee <strong>Vit\u00f3rias<\/strong>\u00a0\ud835\uddf2\u00a0\ud835\udde0\ud835\ude02\ud835\uddf9\ud835\ude01\ud835\uddf6\ud835\uddfd\ud835\uddf9\ud835\uddf6\ud835\uddf0\ud835\uddee\u00a0\ud835\udde7\ud835\uddee\ud835\uddf9\ud835\uddf2\ud835\uddfb\ud835\ude01\ud835\uddfc! Os nossos alunos provaram uma vez mais que o ensino profissional \u00e9 sin\u00f3nimo de excel\u00eancia acad\u00e9mica!\u00a0<br>O projeto Eco Rain, desenvolvido pelos alunos Guilherme Figueiredo e Renato Fernandes do 2.\u00ba ano do Curso Profissional de Inform\u00e1tica \u2013 Instala\u00e7\u00e3o e Gest\u00e3o de Redes, com orienta\u00e7\u00e3o do professor Paulo Nogueira, foi o grande vencedor da 13.\u00aa edi\u00e7\u00e3o do programa Wanted Escolas Empreendedoras, promovido pela CIM Viseu D\u00e3o Laf\u00f5es!\u00a0<\/p>\n\n\n\n<div style=\"height:54px\" aria-hidden=\"true\" class=\"wp-block-spacer\"><\/div>\n\n\n\n<figure class=\"wp-block-image aligncenter size-large is-resized\"><a href=\"https:\/\/www.aetomazribeiro.net\/wpress\/wp-content\/uploads\/2025\/05\/foto2.jpg\"><img decoding=\"async\" width=\"1024\" height=\"680\" src=\"https:\/\/www.aetomazribeiro.net\/wpress\/wp-content\/uploads\/2025\/05\/foto2-1024x680.jpg\" alt=\"\" class=\"wp-image-5022\" style=\"box-shadow:var(--wp--preset--shadow--natural);width:727px;height:auto\" srcset=\"https:\/\/www.aetomazribeiro.net\/wpress\/wp-content\/uploads\/2025\/05\/foto2-1024x680.jpg 1024w, https:\/\/www.aetomazribeiro.net\/wpress\/wp-content\/uploads\/2025\/05\/foto2-300x199.jpg 300w, https:\/\/www.aetomazribeiro.net\/wpress\/wp-content\/uploads\/2025\/05\/foto2-768x510.jpg 768w, https:\/\/www.aetomazribeiro.net\/wpress\/wp-content\/uploads\/2025\/05\/foto2.jpg 1200w\" sizes=\"(max-width: 1024px) 100vw, 1024px\" \/><\/a><\/figure>\n\n\n\n<div style=\"height:54px\" aria-hidden=\"true\" class=\"wp-block-spacer\"><\/div>\n\n\n\n<p>Este projeto inovador, reconhecido pela sua inova\u00e7\u00e3o, criatividade e impacto na regi\u00e3o, arrecadou o 1.\u00ba pr\u00e9mio e vai levar os seus criadores numa Miss\u00e3o de Empreendedorismo de 4 dias a Dublin!\u00a0<\/p>\n\n\n\n<p>Mais informa\u00e7\u00e3o:\u00a0<a href=\"https:\/\/www.facebook.com\/share\/p\/19RizMAmQG\/\">https:\/\/www.facebook.com\/share\/p\/19RizMAmQG\/<\/a><\/p>\n\n\n\n<figure class=\"wp-block-image aligncenter size-large is-resized\"><a href=\"https:\/\/www.aetomazribeiro.net\/wpress\/wp-content\/uploads\/2025\/05\/foto3.jpg\"><img decoding=\"async\" width=\"947\" height=\"1024\" src=\"https:\/\/www.aetomazribeiro.net\/wpress\/wp-content\/uploads\/2025\/05\/foto3-947x1024.jpg\" alt=\"\" class=\"wp-image-5023\" style=\"box-shadow:var(--wp--preset--shadow--natural);width:655px;height:auto\" srcset=\"https:\/\/www.aetomazribeiro.net\/wpress\/wp-content\/uploads\/2025\/05\/foto3-947x1024.jpg 947w, https:\/\/www.aetomazribeiro.net\/wpress\/wp-content\/uploads\/2025\/05\/foto3-278x300.jpg 278w, https:\/\/www.aetomazribeiro.net\/wpress\/wp-content\/uploads\/2025\/05\/foto3-768x830.jpg 768w, https:\/\/www.aetomazribeiro.net\/wpress\/wp-content\/uploads\/2025\/05\/foto3.jpg 1110w\" sizes=\"(max-width: 947px) 100vw, 947px\" \/><\/a><\/figure>\n","protected":false},"excerpt":{"rendered":"<p>A Escola Secund\u00e1ria de Tondela \ud835\udde6\ud835\uddfc\ud835\uddfa\ud835\uddee Vit\u00f3rias\u00a0\ud835\uddf2\u00a0\ud835\udde0\ud835\ude02\ud835\uddf9\ud835\ude01\ud835\uddf6\ud835\uddfd\ud835\uddf9\ud835\uddf6\ud835\uddf0\ud835\uddee\u00a0\ud835\udde7\ud835\uddee\ud835\uddf9\ud835\uddf2\ud835\uddfb\ud835\ude01\ud835\uddfc! Os nossos alunos provaram uma vez mais que o ensino profissional \u00e9 sin\u00f3nimo [&hellip;]<\/p>\n","protected":false},"author":1,"featured_media":5021,"comment_status":"open","ping_status":"open","sticky":false,"template":"","format":"standard","meta":{"_uag_custom_page_level_css":"","site-sidebar-layout":"default","site-content-layout":"","ast-site-content-layout":"default","site-content-style":"default","site-sidebar-style":"default","ast-global-header-display":"","ast-banner-title-visibility":"","ast-main-header-display":"","ast-hfb-above-header-display":"","ast-hfb-below-header-display":"","ast-hfb-mobile-header-display":"","site-post-title":"","ast-breadcrumbs-content":"","ast-featured-img":"","footer-sml-layout":"","ast-disable-related-posts":"","theme-transparent-header-meta":"","adv-header-id-meta":"","stick-header-meta":"","header-above-stick-meta":"","header-main-stick-meta":"","header-below-stick-meta":"","astra-migrate-meta-layouts":"set","ast-page-background-enabled":"default","ast-page-background-meta":{"desktop":{"background-color":"","background-image":"","background-repeat":"repeat","background-position":"center center","background-size":"auto","background-attachment":"scroll","background-type":"","background-media":"","overlay-type":"","overlay-color":"","overlay-opacity":"","overlay-gradient":""},"tablet":{"background-color":"","background-image":"","background-repeat":"repeat","background-position":"center center","background-size":"auto","background-attachment":"scroll","background-type":"","background-media":"","overlay-type":"","overlay-color":"","overlay-opacity":"","overlay-gradient":""},"mobile":{"background-color":"","background-image":"","background-repeat":"repeat","background-position":"center center","background-size":"auto","background-attachment":"scroll","background-type":"","background-media":"","overlay-type":"","overlay-color":"","overlay-opacity":"","overlay-gradient":""}},"ast-content-background-meta":{"desktop":{"background-color":"var(--ast-global-color-5)","background-image":"","background-repeat":"repeat","background-position":"center center","background-size":"auto","background-attachment":"scroll","background-type":"","background-media":"","overlay-type":"","overlay-color":"","overlay-opacity":"","overlay-gradient":""},"tablet":{"background-color":"var(--ast-global-color-5)","background-image":"","background-repeat":"repeat","background-position":"center center","background-size":"auto","background-attachment":"scroll","background-type":"","background-media":"","overlay-type":"","overlay-color":"","overlay-opacity":"","overlay-gradient":""},"mobile":{"background-color":"var(--ast-global-color-5)","background-image":"","background-repeat":"repeat","background-position":"center center","background-size":"auto","background-attachment":"scroll","background-type":"","background-media":"","overlay-type":"","overlay-color":"","overlay-opacity":"","overlay-gradient":""}},"iawp_total_views":49,"footnotes":""},"categories":[1],"tags":[],"class_list":["post-5020","post","type-post","status-publish","format-standard","has-post-thumbnail","hentry","category-uncategorized"],"uagb_featured_image_src":{"full":["https:\/\/www.aetomazribeiro.net\/wpress\/wp-content\/uploads\/2025\/05\/foto1.jpg",1200,797,false],"thumbnail":["https:\/\/www.aetomazribeiro.net\/wpress\/wp-content\/uploads\/2025\/05\/foto1-150x150.jpg",150,150,true],"medium":["https:\/\/www.aetomazribeiro.net\/wpress\/wp-content\/uploads\/2025\/05\/foto1-300x199.jpg",300,199,true],"medium_large":["https:\/\/www.aetomazribeiro.net\/wpress\/wp-content\/uploads\/2025\/05\/foto1-768x510.jpg",768,510,true],"large":["https:\/\/www.aetomazribeiro.net\/wpress\/wp-content\/uploads\/2025\/05\/foto1-1024x680.jpg",1024,680,true],"1536x1536":["https:\/\/www.aetomazribeiro.net\/wpress\/wp-content\/uploads\/2025\/05\/foto1.jpg",1200,797,false],"2048x2048":["https:\/\/www.aetomazribeiro.net\/wpress\/wp-content\/uploads\/2025\/05\/foto1.jpg",1200,797,false]},"uagb_author_info":{"display_name":"admin","author_link":"https:\/\/www.aetomazribeiro.net\/wpress\/author\/admin\/"},"uagb_comment_info":0,"uagb_excerpt":"A Escola Secund\u00e1ria de Tondela \ud835\udde6\ud835\uddfc\ud835\uddfa\ud835\uddee Vit\u00f3rias\u00a0\ud835\uddf2\u00a0\ud835\udde0\ud835\ude02\ud835\uddf9\ud835\ude01\ud835\uddf6\ud835\uddfd\ud835\uddf9\ud835\uddf6\ud835\uddf0\ud835\uddee\u00a0\ud835\udde7\ud835\uddee\ud835\uddf9\ud835\uddf2\ud835\uddfb\ud835\ude01\ud835\uddfc! Os nossos alunos provaram uma vez mais que o ensino profissional \u00e9 sin\u00f3nimo [&hellip;]","_links":{"self":[{"href":"https:\/\/www.aetomazribeiro.net\/wpress\/wp-json\/wp\/v2\/posts\/5020","targetHints":{"allow":["GET"]}}],"collection":[{"href":"https:\/\/www.aetomazribeiro.net\/wpress\/wp-json\/wp\/v2\/posts"}],"about":[{"href":"https:\/\/www.aetomazribeiro.net\/wpress\/wp-json\/wp\/v2\/types\/post"}],"author":[{"embeddable":true,"href":"https:\/\/www.aetomazribeiro.net\/wpress\/wp-json\/wp\/v2\/users\/1"}],"replies":[{"embeddable":true,"href":"https:\/\/www.aetomazribeiro.net\/wpress\/wp-json\/wp\/v2\/comments?post=5020"}],"version-history":[{"count":0,"href":"https:\/\/www.aetomazribeiro.net\/wpress\/wp-json\/wp\/v2\/posts\/5020\/revisions"}],"wp:featuredmedia":[{"embeddable":true,"href":"https:\/\/www.aetomazribeiro.net\/wpress\/wp-json\/wp\/v2\/media\/5021"}],"wp:attachment":[{"href":"https:\/\/www.aetomazribeiro.net\/wpress\/wp-json\/wp\/v2\/media?parent=5020"}],"wp:term":[{"taxonomy":"category","embeddable":true,"href":"https:\/\/www.aetomazribeiro.net\/wpress\/wp-json\/wp\/v2\/categories?post=5020"},{"taxonomy":"post_tag","embeddable":true,"href":"https:\/\/www.aetomazribeiro.net\/wpress\/wp-json\/wp\/v2\/tags?post=5020"}],"curies":[{"name":"wp","href":"https:\/\/api.w.org\/{rel}","templated":true}]}}