{"id":5003,"date":"2025-05-16T14:36:34","date_gmt":"2025-05-16T14:36:34","guid":{"rendered":"https:\/\/www.aetomazribeiro.net\/wpress\/?p=5003"},"modified":"2025-05-16T14:36:36","modified_gmt":"2025-05-16T14:36:36","slug":"intercambio-erasmus-em-salamanca","status":"publish","type":"post","link":"https:\/\/www.aetomazribeiro.net\/wpress\/intercambio-erasmus-em-salamanca\/","title":{"rendered":"Interc\u00e2mbio Erasmus+ em Salamanca"},"content":{"rendered":"\n<h4 class=\"wp-block-heading has-text-align-center\"><strong>Alunos e professores do Agrupamento de Escolas Tomaz Ribeiro em interc\u00e2mbio Erasmus+ em Salamanca<\/strong><\/h4>\n\n\n\n<div style=\"height:73px\" aria-hidden=\"true\" class=\"wp-block-spacer\"><\/div>\n\n\n\n<figure class=\"wp-block-image aligncenter size-large is-resized\"><a href=\"https:\/\/www.aetomazribeiro.net\/wpress\/wp-content\/uploads\/2025\/05\/Salamanca-1-Escola.jpg\"><img fetchpriority=\"high\" decoding=\"async\" width=\"1024\" height=\"766\" src=\"https:\/\/www.aetomazribeiro.net\/wpress\/wp-content\/uploads\/2025\/05\/Salamanca-1-Escola-1024x766.jpg\" alt=\"\" class=\"wp-image-5004\" style=\"box-shadow:var(--wp--preset--shadow--natural);width:679px;height:auto\" srcset=\"https:\/\/www.aetomazribeiro.net\/wpress\/wp-content\/uploads\/2025\/05\/Salamanca-1-Escola-1024x766.jpg 1024w, https:\/\/www.aetomazribeiro.net\/wpress\/wp-content\/uploads\/2025\/05\/Salamanca-1-Escola-300x225.jpg 300w, https:\/\/www.aetomazribeiro.net\/wpress\/wp-content\/uploads\/2025\/05\/Salamanca-1-Escola-768x575.jpg 768w, https:\/\/www.aetomazribeiro.net\/wpress\/wp-content\/uploads\/2025\/05\/Salamanca-1-Escola.jpg 1200w\" sizes=\"(max-width: 1024px) 100vw, 1024px\" \/><\/a><\/figure>\n\n\n\n<div style=\"height:73px\" aria-hidden=\"true\" class=\"wp-block-spacer\"><\/div>\n\n\n\n<p>Entre os dias 11 e 14 de maio, um grupo de alunos e professores do Agrupamento de Escolas de Tondela Tomaz Ribeiro participou num interc\u00e2mbio com o IES Luc\u00eda de Medrano, em Salamanca, no \u00e2mbito do projeto Erasmus+ Acredita\u00e7\u00e3o &#8220;Opening Minds&#8221;. Durante a visita, os participantes portugueses exploraram a escola centen\u00e1ria espanhola, conheceram os seus projetos e realizaram atividades conjuntas com os colegas locais, promovendo a amizade e a troca de experi\u00eancias.<\/p>\n\n\n\n<p>Al\u00e9m da vertente educativa, o programa incluiu visitas culturais \u00e0 cidade, com destaque para o Museu de Arte Nouveau \u2013 Casa Lis, a Casa das Conchas, a Catedral e a ic\u00f3nica Plaza Mayor. A gastronomia t\u00edpica da regi\u00e3o tamb\u00e9m fez parte da experi\u00eancia. O interc\u00e2mbio foi enriquecedor e permitiu estreitar la\u00e7os entre as duas comunidades escolares.<\/p>\n\n\n\n<div style=\"height:73px\" aria-hidden=\"true\" class=\"wp-block-spacer\"><\/div>\n\n\n\n<figure class=\"wp-block-image aligncenter size-large is-resized\"><a href=\"https:\/\/www.aetomazribeiro.net\/wpress\/wp-content\/uploads\/2025\/05\/Salamanca-2.jpg\"><img decoding=\"async\" width=\"1024\" height=\"766\" src=\"https:\/\/www.aetomazribeiro.net\/wpress\/wp-content\/uploads\/2025\/05\/Salamanca-2-1024x766.jpg\" alt=\"\" class=\"wp-image-5005\" style=\"box-shadow:var(--wp--preset--shadow--natural);width:774px;height:auto\" srcset=\"https:\/\/www.aetomazribeiro.net\/wpress\/wp-content\/uploads\/2025\/05\/Salamanca-2-1024x766.jpg 1024w, https:\/\/www.aetomazribeiro.net\/wpress\/wp-content\/uploads\/2025\/05\/Salamanca-2-300x225.jpg 300w, https:\/\/www.aetomazribeiro.net\/wpress\/wp-content\/uploads\/2025\/05\/Salamanca-2-768x575.jpg 768w, https:\/\/www.aetomazribeiro.net\/wpress\/wp-content\/uploads\/2025\/05\/Salamanca-2.jpg 1200w\" sizes=\"(max-width: 1024px) 100vw, 1024px\" \/><\/a><\/figure>\n","protected":false},"excerpt":{"rendered":"<p>Alunos e professores do Agrupamento de Escolas Tomaz Ribeiro em interc\u00e2mbio Erasmus+ em Salamanca Entre os dias 11 e 14 [&hellip;]<\/p>\n","protected":false},"author":1,"featured_media":5004,"comment_status":"open","ping_status":"open","sticky":false,"template":"","format":"standard","meta":{"_uag_custom_page_level_css":"","site-sidebar-layout":"default","site-content-layout":"","ast-site-content-layout":"default","site-content-style":"default","site-sidebar-style":"default","ast-global-header-display":"","ast-banner-title-visibility":"","ast-main-header-display":"","ast-hfb-above-header-display":"","ast-hfb-below-header-display":"","ast-hfb-mobile-header-display":"","site-post-title":"disabled","ast-breadcrumbs-content":"","ast-featured-img":"","footer-sml-layout":"","ast-disable-related-posts":"","theme-transparent-header-meta":"","adv-header-id-meta":"","stick-header-meta":"","header-above-stick-meta":"","header-main-stick-meta":"","header-below-stick-meta":"","astra-migrate-meta-layouts":"set","ast-page-background-enabled":"default","ast-page-background-meta":{"desktop":{"background-color":"","background-image":"","background-repeat":"repeat","background-position":"center center","background-size":"auto","background-attachment":"scroll","background-type":"","background-media":"","overlay-type":"","overlay-color":"","overlay-opacity":"","overlay-gradient":""},"tablet":{"background-color":"","background-image":"","background-repeat":"repeat","background-position":"center center","background-size":"auto","background-attachment":"scroll","background-type":"","background-media":"","overlay-type":"","overlay-color":"","overlay-opacity":"","overlay-gradient":""},"mobile":{"background-color":"","background-image":"","background-repeat":"repeat","background-position":"center center","background-size":"auto","background-attachment":"scroll","background-type":"","background-media":"","overlay-type":"","overlay-color":"","overlay-opacity":"","overlay-gradient":""}},"ast-content-background-meta":{"desktop":{"background-color":"var(--ast-global-color-5)","background-image":"","background-repeat":"repeat","background-position":"center center","background-size":"auto","background-attachment":"scroll","background-type":"","background-media":"","overlay-type":"","overlay-color":"","overlay-opacity":"","overlay-gradient":""},"tablet":{"background-color":"var(--ast-global-color-5)","background-image":"","background-repeat":"repeat","background-position":"center center","background-size":"auto","background-attachment":"scroll","background-type":"","background-media":"","overlay-type":"","overlay-color":"","overlay-opacity":"","overlay-gradient":""},"mobile":{"background-color":"var(--ast-global-color-5)","background-image":"","background-repeat":"repeat","background-position":"center center","background-size":"auto","background-attachment":"scroll","background-type":"","background-media":"","overlay-type":"","overlay-color":"","overlay-opacity":"","overlay-gradient":""}},"iawp_total_views":52,"footnotes":""},"categories":[1],"tags":[],"class_list":["post-5003","post","type-post","status-publish","format-standard","has-post-thumbnail","hentry","category-uncategorized"],"uagb_featured_image_src":{"full":["https:\/\/www.aetomazribeiro.net\/wpress\/wp-content\/uploads\/2025\/05\/Salamanca-1-Escola.jpg",1200,898,false],"thumbnail":["https:\/\/www.aetomazribeiro.net\/wpress\/wp-content\/uploads\/2025\/05\/Salamanca-1-Escola-150x150.jpg",150,150,true],"medium":["https:\/\/www.aetomazribeiro.net\/wpress\/wp-content\/uploads\/2025\/05\/Salamanca-1-Escola-300x225.jpg",300,225,true],"medium_large":["https:\/\/www.aetomazribeiro.net\/wpress\/wp-content\/uploads\/2025\/05\/Salamanca-1-Escola-768x575.jpg",768,575,true],"large":["https:\/\/www.aetomazribeiro.net\/wpress\/wp-content\/uploads\/2025\/05\/Salamanca-1-Escola-1024x766.jpg",1024,766,true],"1536x1536":["https:\/\/www.aetomazribeiro.net\/wpress\/wp-content\/uploads\/2025\/05\/Salamanca-1-Escola.jpg",1200,898,false],"2048x2048":["https:\/\/www.aetomazribeiro.net\/wpress\/wp-content\/uploads\/2025\/05\/Salamanca-1-Escola.jpg",1200,898,false]},"uagb_author_info":{"display_name":"admin","author_link":"https:\/\/www.aetomazribeiro.net\/wpress\/author\/admin\/"},"uagb_comment_info":0,"uagb_excerpt":"Alunos e professores do Agrupamento de Escolas Tomaz Ribeiro em interc\u00e2mbio Erasmus+ em Salamanca Entre os dias 11 e 14 [&hellip;]","_links":{"self":[{"href":"https:\/\/www.aetomazribeiro.net\/wpress\/wp-json\/wp\/v2\/posts\/5003","targetHints":{"allow":["GET"]}}],"collection":[{"href":"https:\/\/www.aetomazribeiro.net\/wpress\/wp-json\/wp\/v2\/posts"}],"about":[{"href":"https:\/\/www.aetomazribeiro.net\/wpress\/wp-json\/wp\/v2\/types\/post"}],"author":[{"embeddable":true,"href":"https:\/\/www.aetomazribeiro.net\/wpress\/wp-json\/wp\/v2\/users\/1"}],"replies":[{"embeddable":true,"href":"https:\/\/www.aetomazribeiro.net\/wpress\/wp-json\/wp\/v2\/comments?post=5003"}],"version-history":[{"count":0,"href":"https:\/\/www.aetomazribeiro.net\/wpress\/wp-json\/wp\/v2\/posts\/5003\/revisions"}],"wp:featuredmedia":[{"embeddable":true,"href":"https:\/\/www.aetomazribeiro.net\/wpress\/wp-json\/wp\/v2\/media\/5004"}],"wp:attachment":[{"href":"https:\/\/www.aetomazribeiro.net\/wpress\/wp-json\/wp\/v2\/media?parent=5003"}],"wp:term":[{"taxonomy":"category","embeddable":true,"href":"https:\/\/www.aetomazribeiro.net\/wpress\/wp-json\/wp\/v2\/categories?post=5003"},{"taxonomy":"post_tag","embeddable":true,"href":"https:\/\/www.aetomazribeiro.net\/wpress\/wp-json\/wp\/v2\/tags?post=5003"}],"curies":[{"name":"wp","href":"https:\/\/api.w.org\/{rel}","templated":true}]}}