{"id":4996,"date":"2025-05-09T19:40:55","date_gmt":"2025-05-09T19:40:55","guid":{"rendered":"https:\/\/www.aetomazribeiro.net\/wpress\/?p=4996"},"modified":"2025-05-09T19:44:14","modified_gmt":"2025-05-09T19:44:14","slug":"visita-de-estudo-a-ilha-de-s-miguel","status":"publish","type":"post","link":"https:\/\/www.aetomazribeiro.net\/wpress\/visita-de-estudo-a-ilha-de-s-miguel\/","title":{"rendered":"Visita de estudo \u00e0 ilha de S. Miguel"},"content":{"rendered":"\n<h4 class=\"wp-block-heading has-text-align-center\"><strong>Alunos dos Cursos Profissionais T\u00e9cnico de Alojamento Hoteleiro e de T\u00e9cnico de Controlo de Qualidade Alimentar vivem experi\u00eancia \u00fanica em visita de estudo \u00e0 Ilha de S\u00e3o Miguel, A\u00e7ores<\/strong><\/h4>\n\n\n\n<p><\/p>\n\n\n\n<p>Entre os dias 22 e 25 de abril, tr\u00eas turmas dos Cursos Profissionais de T\u00e9cnico de Alojamento Hoteleiro e de T\u00e9cnico de Controlo de Qualidade Alimentar participaram numa enriquecedora visita de estudo \u00e0 Ilha de S\u00e3o Miguel, nos A\u00e7ores. Acompanhados pelos professores Ana Miroto, \u00cdris Macedo, Jo\u00e3o Costa, Lu\u00edsa Duarte, Na\u00edr Chaves e Paula Machado, os alunos tiveram a oportunidade de aliar a descoberta cultural \u00e0 aplica\u00e7\u00e3o pr\u00e1tica dos conhecimentos adquiridos em sala de aula.<\/p>\n\n\n\n<p>A experi\u00eancia come\u00e7ou logo com a viagem de avi\u00e3o, proporcionando aos estudantes um contacto direto com os procedimentos de transporte a\u00e9reo, fundamentais para a \u00e1rea da hotelaria e do turismo. A estadia num hotel da ilha permitiu igualmente observar e refletir sobre a opera\u00e7\u00e3o di\u00e1ria de uma unidade hoteleira, do ponto de vista do alojamento e da hospitalidade.<\/p>\n\n\n\n<p>Durante a visita, o grupo explorou v\u00e1rios pontos emblem\u00e1ticos da ilha. Entre os locais visitados destacam-se a planta\u00e7\u00e3o de ch\u00e1 da Gorreana \u2014 onde puderam conhecer todo o processo de produ\u00e7\u00e3o do ch\u00e1 \u2014 e as tradicionais Furnas, com a degusta\u00e7\u00e3o do famoso Cozido das Furnas. Nesta experi\u00eancia gastron\u00f3mica, os alunos dos cursos de controlo de qualidade alimentar tiveram ainda a oportunidade de conhecer alimentos menos comuns no Cozido, como o inhame, e de compreender de que forma se aplicam os princ\u00edpios e normativos do HACCP \u00e0 cozinha tradicional, valorizando a seguran\u00e7a alimentar mesmo em contextos de produ\u00e7\u00e3o mais artesanais.<\/p>\n\n\n\n<div class=\"wp-block-uagb-container uagb-block-824cce7d alignfull uagb-is-root-container\"><div class=\"uagb-container-inner-blocks-wrap\">\n<div class=\"wp-block-uagb-container uagb-block-2ea404b5\">\n<figure class=\"wp-block-image size-large\"><a href=\"https:\/\/www.aetomazribeiro.net\/wpress\/wp-content\/uploads\/2025\/05\/Visita-de-Estudo-aos-Acores-2.jpg\"><img fetchpriority=\"high\" decoding=\"async\" width=\"683\" height=\"1024\" src=\"https:\/\/www.aetomazribeiro.net\/wpress\/wp-content\/uploads\/2025\/05\/Visita-de-Estudo-aos-Acores-2-683x1024.jpg\" alt=\"\" class=\"wp-image-4997\" style=\"box-shadow:var(--wp--preset--shadow--natural)\" srcset=\"https:\/\/www.aetomazribeiro.net\/wpress\/wp-content\/uploads\/2025\/05\/Visita-de-Estudo-aos-Acores-2-683x1024.jpg 683w, https:\/\/www.aetomazribeiro.net\/wpress\/wp-content\/uploads\/2025\/05\/Visita-de-Estudo-aos-Acores-2-200x300.jpg 200w, https:\/\/www.aetomazribeiro.net\/wpress\/wp-content\/uploads\/2025\/05\/Visita-de-Estudo-aos-Acores-2-768x1152.jpg 768w, https:\/\/www.aetomazribeiro.net\/wpress\/wp-content\/uploads\/2025\/05\/Visita-de-Estudo-aos-Acores-2.jpg 800w\" sizes=\"(max-width: 683px) 100vw, 683px\" \/><\/a><\/figure>\n<\/div>\n\n\n\n<div class=\"wp-block-uagb-container uagb-block-5c02d761\">\n<p>Experimentaram tamb\u00e9m as tradicionais Queijadas de Vila Franca do Campo, provaram bananas de S\u00e3o Miguel, visitaram uma planta\u00e7\u00e3o de anan\u00e1s \u2014 s\u00edmbolo da produ\u00e7\u00e3o regional \u2014 e degustaram o licor de anan\u00e1s, assim como a emblem\u00e1tica bebida Kima de maracuj\u00e1.<\/p>\n\n\n\n<p>A visita ao Parque Terra Nostra, que incluiu o banho nos tanques de \u00e1guas termais, e a passagem por diversos miradouros \u2014 como o Miradouro de Santa Iria, Miradouro da Vista do Rei, Miradouro da Lagoa do Fogo, Miradouro da Ponta do Arnel e Miradouro do Tanque, com vista para o Ilh\u00e9u da Vila \u2014 proporcionaram momentos de contempla\u00e7\u00e3o e valoriza\u00e7\u00e3o da riqueza natural e paisag\u00edstica da ilha. As lagoas, como das Sete Cidades, a do Fogo e a das Furnas, foram tamb\u00e9m pontos altos da visita.<\/p>\n\n\n\n<p>Para al\u00e9m da cidade de Ponta Delgada, os alunos conheceram ainda localidades como S\u00e3o Roque, Ribeira Grande, Rabo de Peixe, Nordeste, Furnas, Sete Cidades e a Praia do Areal de Santa B\u00e1rbara, entre muitos outros recantos de beleza \u00fanica.<\/p>\n\n\n\n<p>Esta visita de estudo teve uma import\u00e2ncia especial para ambos os cursos: para os futuros T\u00e9cnicos de Alojamento Hoteleiro, representou uma oportunidade para observar boas pr\u00e1ticas de rece\u00e7\u00e3o, acolhimento e servi\u00e7os tur\u00edsticos em contexto real; para os futuros T\u00e9cnicos de Controlo de Qualidade Alimentar, foi um momento de contacto direto com processos produtivos locais, com a aplica\u00e7\u00e3o pr\u00e1tica dos normativos de seguran\u00e7a alimentar e com produtos de excel\u00eancia.<\/p>\n\n\n\n<p>Acrescenta-se ainda que, para alguns alunos do 10.\u00ba ano do Curso Profissional de T\u00e9cnico de Controlo de Qualidade Alimentar, esta experi\u00eancia foi tamb\u00e9m uma fonte de inspira\u00e7\u00e3o, permitindo-lhes come\u00e7ar a idealizar poss\u00edveis temas para a sua Prova de Aptid\u00e3o Profissional (PAP).<\/p>\n\n\n\n<p><\/p>\n<\/div>\n<\/div><\/div>\n\n\n\n<p>Paralelamente, os alunos foram motivados a exercitar o pensamento l\u00f3gico e criativo, imaginando jogos matem\u00e1ticos ao longo da visita e ficando a conhecer, inclusive, um jogo tradicional A\u00e7oriano: a\u00a0<em>Marralhinha\u00a0<\/em>\u2014 uma valiosa express\u00e3o do patrim\u00f3nio l\u00fadico-cultural da regi\u00e3o.<\/p>\n\n\n\n<p>Num equil\u00edbrio perfeito entre forma\u00e7\u00e3o e descoberta, esta experi\u00eancia foi, sem d\u00favida, uma porta aberta para o futuro profissional dos nossos alunos, enriquecendo os seus saberes t\u00e9cnicos e culturais e refor\u00e7ando a sua liga\u00e7\u00e3o ao territ\u00f3rio nacional e \u00e0s suas potencialidades.<\/p>\n\n\n\n<p><\/p>\n","protected":false},"excerpt":{"rendered":"<p>Alunos dos Cursos Profissionais T\u00e9cnico de Alojamento Hoteleiro e de T\u00e9cnico de Controlo de Qualidade Alimentar vivem experi\u00eancia \u00fanica em [&hellip;]<\/p>\n","protected":false},"author":1,"featured_media":4997,"comment_status":"open","ping_status":"open","sticky":false,"template":"","format":"standard","meta":{"_uag_custom_page_level_css":"","site-sidebar-layout":"default","site-content-layout":"","ast-site-content-layout":"default","site-content-style":"default","site-sidebar-style":"default","ast-global-header-display":"","ast-banner-title-visibility":"","ast-main-header-display":"","ast-hfb-above-header-display":"","ast-hfb-below-header-display":"","ast-hfb-mobile-header-display":"","site-post-title":"","ast-breadcrumbs-content":"","ast-featured-img":"","footer-sml-layout":"","ast-disable-related-posts":"","theme-transparent-header-meta":"","adv-header-id-meta":"","stick-header-meta":"","header-above-stick-meta":"","header-main-stick-meta":"","header-below-stick-meta":"","astra-migrate-meta-layouts":"set","ast-page-background-enabled":"default","ast-page-background-meta":{"desktop":{"background-color":"","background-image":"","background-repeat":"repeat","background-position":"center center","background-size":"auto","background-attachment":"scroll","background-type":"","background-media":"","overlay-type":"","overlay-color":"","overlay-opacity":"","overlay-gradient":""},"tablet":{"background-color":"","background-image":"","background-repeat":"repeat","background-position":"center center","background-size":"auto","background-attachment":"scroll","background-type":"","background-media":"","overlay-type":"","overlay-color":"","overlay-opacity":"","overlay-gradient":""},"mobile":{"background-color":"","background-image":"","background-repeat":"repeat","background-position":"center center","background-size":"auto","background-attachment":"scroll","background-type":"","background-media":"","overlay-type":"","overlay-color":"","overlay-opacity":"","overlay-gradient":""}},"ast-content-background-meta":{"desktop":{"background-color":"var(--ast-global-color-5)","background-image":"","background-repeat":"repeat","background-position":"center center","background-size":"auto","background-attachment":"scroll","background-type":"","background-media":"","overlay-type":"","overlay-color":"","overlay-opacity":"","overlay-gradient":""},"tablet":{"background-color":"var(--ast-global-color-5)","background-image":"","background-repeat":"repeat","background-position":"center center","background-size":"auto","background-attachment":"scroll","background-type":"","background-media":"","overlay-type":"","overlay-color":"","overlay-opacity":"","overlay-gradient":""},"mobile":{"background-color":"var(--ast-global-color-5)","background-image":"","background-repeat":"repeat","background-position":"center center","background-size":"auto","background-attachment":"scroll","background-type":"","background-media":"","overlay-type":"","overlay-color":"","overlay-opacity":"","overlay-gradient":""}},"iawp_total_views":48,"footnotes":""},"categories":[1],"tags":[],"class_list":["post-4996","post","type-post","status-publish","format-standard","has-post-thumbnail","hentry","category-uncategorized"],"uagb_featured_image_src":{"full":["https:\/\/www.aetomazribeiro.net\/wpress\/wp-content\/uploads\/2025\/05\/Visita-de-Estudo-aos-Acores-2.jpg",800,1200,false],"thumbnail":["https:\/\/www.aetomazribeiro.net\/wpress\/wp-content\/uploads\/2025\/05\/Visita-de-Estudo-aos-Acores-2-150x150.jpg",150,150,true],"medium":["https:\/\/www.aetomazribeiro.net\/wpress\/wp-content\/uploads\/2025\/05\/Visita-de-Estudo-aos-Acores-2-200x300.jpg",200,300,true],"medium_large":["https:\/\/www.aetomazribeiro.net\/wpress\/wp-content\/uploads\/2025\/05\/Visita-de-Estudo-aos-Acores-2-768x1152.jpg",768,1152,true],"large":["https:\/\/www.aetomazribeiro.net\/wpress\/wp-content\/uploads\/2025\/05\/Visita-de-Estudo-aos-Acores-2-683x1024.jpg",683,1024,true],"1536x1536":["https:\/\/www.aetomazribeiro.net\/wpress\/wp-content\/uploads\/2025\/05\/Visita-de-Estudo-aos-Acores-2.jpg",800,1200,false],"2048x2048":["https:\/\/www.aetomazribeiro.net\/wpress\/wp-content\/uploads\/2025\/05\/Visita-de-Estudo-aos-Acores-2.jpg",800,1200,false]},"uagb_author_info":{"display_name":"admin","author_link":"https:\/\/www.aetomazribeiro.net\/wpress\/author\/admin\/"},"uagb_comment_info":0,"uagb_excerpt":"Alunos dos Cursos Profissionais T\u00e9cnico de Alojamento Hoteleiro e de T\u00e9cnico de Controlo de Qualidade Alimentar vivem experi\u00eancia \u00fanica em [&hellip;]","_links":{"self":[{"href":"https:\/\/www.aetomazribeiro.net\/wpress\/wp-json\/wp\/v2\/posts\/4996","targetHints":{"allow":["GET"]}}],"collection":[{"href":"https:\/\/www.aetomazribeiro.net\/wpress\/wp-json\/wp\/v2\/posts"}],"about":[{"href":"https:\/\/www.aetomazribeiro.net\/wpress\/wp-json\/wp\/v2\/types\/post"}],"author":[{"embeddable":true,"href":"https:\/\/www.aetomazribeiro.net\/wpress\/wp-json\/wp\/v2\/users\/1"}],"replies":[{"embeddable":true,"href":"https:\/\/www.aetomazribeiro.net\/wpress\/wp-json\/wp\/v2\/comments?post=4996"}],"version-history":[{"count":0,"href":"https:\/\/www.aetomazribeiro.net\/wpress\/wp-json\/wp\/v2\/posts\/4996\/revisions"}],"wp:featuredmedia":[{"embeddable":true,"href":"https:\/\/www.aetomazribeiro.net\/wpress\/wp-json\/wp\/v2\/media\/4997"}],"wp:attachment":[{"href":"https:\/\/www.aetomazribeiro.net\/wpress\/wp-json\/wp\/v2\/media?parent=4996"}],"wp:term":[{"taxonomy":"category","embeddable":true,"href":"https:\/\/www.aetomazribeiro.net\/wpress\/wp-json\/wp\/v2\/categories?post=4996"},{"taxonomy":"post_tag","embeddable":true,"href":"https:\/\/www.aetomazribeiro.net\/wpress\/wp-json\/wp\/v2\/tags?post=4996"}],"curies":[{"name":"wp","href":"https:\/\/api.w.org\/{rel}","templated":true}]}}