{"id":4875,"date":"2025-04-04T10:48:56","date_gmt":"2025-04-04T10:48:56","guid":{"rendered":"https:\/\/www.aetomazribeiro.net\/wpress\/?p=4875"},"modified":"2025-04-10T08:54:20","modified_gmt":"2025-04-10T08:54:20","slug":"campeonato-nacional-de-jogos-matematicos","status":"publish","type":"post","link":"https:\/\/www.aetomazribeiro.net\/wpress\/campeonato-nacional-de-jogos-matematicos\/","title":{"rendered":"Campeonato Nacional de Jogos Matem\u00e1ticos"},"content":{"rendered":"\n<h3 class=\"wp-block-heading has-text-align-center\">Campeonato Nacional de Jogos Matem\u00e1ticos<\/h3>\n\n\n\n<p class=\"has-text-align-center\">(2025 &#8211; AVEIRO)<\/p>\n\n\n\n<div style=\"height:40px\" aria-hidden=\"true\" class=\"wp-block-spacer\"><\/div>\n\n\n\n<figure class=\"wp-block-image aligncenter size-large is-resized\"><img fetchpriority=\"high\" decoding=\"async\" width=\"1024\" height=\"576\" src=\"https:\/\/www.aetomazribeiro.net\/wpress\/wp-content\/uploads\/2025\/04\/logotipo-1024x576.png\" alt=\"\" class=\"wp-image-4885\" style=\"box-shadow:var(--wp--preset--shadow--natural);width:626px;height:auto\" srcset=\"https:\/\/www.aetomazribeiro.net\/wpress\/wp-content\/uploads\/2025\/04\/logotipo-1024x576.png 1024w, https:\/\/www.aetomazribeiro.net\/wpress\/wp-content\/uploads\/2025\/04\/logotipo-300x169.png 300w, https:\/\/www.aetomazribeiro.net\/wpress\/wp-content\/uploads\/2025\/04\/logotipo-768x432.png 768w, https:\/\/www.aetomazribeiro.net\/wpress\/wp-content\/uploads\/2025\/04\/logotipo.png 1536w\" sizes=\"(max-width: 1024px) 100vw, 1024px\" \/><\/figure>\n\n\n\n<div style=\"height:54px\" aria-hidden=\"true\" class=\"wp-block-spacer\"><\/div>\n\n\n\n<p>No passado dia 14 de mar\u00e7o de 2025, realizou-se na Universidade de Aveiro, o 18.\u00ba Campeonato de Jogos Matem\u00e1ticos. Participaram mais de 1800 alunos, 616 professores e 343 escolas de todo o pa\u00eds.<\/p>\n\n\n\n<p><\/p>\n\n\n\n<figure class=\"wp-block-image aligncenter size-large is-resized\"><a href=\"https:\/\/www.aetomazribeiro.net\/wpress\/wp-content\/uploads\/2025\/04\/484170444_1124390039715301_5093357921512803050_n.jpg\"><img decoding=\"async\" width=\"1024\" height=\"683\" src=\"https:\/\/www.aetomazribeiro.net\/wpress\/wp-content\/uploads\/2025\/04\/484170444_1124390039715301_5093357921512803050_n-1024x683.jpg\" alt=\"\" class=\"wp-image-4878\" style=\"box-shadow:var(--wp--preset--shadow--natural);width:712px;height:auto\" srcset=\"https:\/\/www.aetomazribeiro.net\/wpress\/wp-content\/uploads\/2025\/04\/484170444_1124390039715301_5093357921512803050_n-1024x683.jpg 1024w, https:\/\/www.aetomazribeiro.net\/wpress\/wp-content\/uploads\/2025\/04\/484170444_1124390039715301_5093357921512803050_n-300x200.jpg 300w, https:\/\/www.aetomazribeiro.net\/wpress\/wp-content\/uploads\/2025\/04\/484170444_1124390039715301_5093357921512803050_n-768x512.jpg 768w, https:\/\/www.aetomazribeiro.net\/wpress\/wp-content\/uploads\/2025\/04\/484170444_1124390039715301_5093357921512803050_n.jpg 1200w\" sizes=\"(max-width: 1024px) 100vw, 1024px\" \/><\/a><\/figure>\n\n\n\n<p><\/p>\n\n\n\n<p>Este evento realizou-se no dia 14 de mar\u00e7o, dia comemorativo do Dia Internacional da Matem\u00e1tica e do Pi. O n\u00famero \u03c0 \u00e9 irracional e o seu valor \u00e9 aproximadamente 3,14\u2026 Por essa raz\u00e3o \u00e9 comemorado no m\u00eas 3 e dia 14.<\/p>\n\n\n\n<p>Esta iniciativa \u00e9 organizada pela associa\u00e7\u00e3o Ludus, APM (Associa\u00e7\u00e3o de Professores de Matem\u00e1tica), SPM (Sociedade Portuguesa de Matem\u00e1tica) e Centro de Ci\u00eancia Viva de Aveiro.<\/p>\n\n\n\n<p>Foram v\u00e1rios os alunos que competiram na fase que se realizou em cada uma das escolas do nosso agrupamento, para apurar os vencedores de cada jogo e foram estes, que tiveram a oportunidade, n\u00e3o s\u00f3 de participar no torneio, mas tamb\u00e9m de participar em momentos l\u00fadicos, interativos e cient\u00edficos, que decorreram no campus da Universidade de Aveiro, tais como, palestras, experi\u00eancias, shows, jogos e workshops.<\/p>\n\n\n\n<p>Os alunos do agrupamento que participaram no Campeonato Nacional dos Jogos Matem\u00e1ticos foram:<\/p>\n\n\n\n<p><strong>Caramulo:<\/strong><\/p>\n\n\n\n<p><strong>1.\u00ba Ciclo:&nbsp;&nbsp;<\/strong>Filipe Ferreira, 4\u00ba ano (Rastros); Laura Dinis, 4\u00ba ano (C\u00e3es e gatos); Rafael Monteiro, 3\u00baano (Domin\u00f3rio)<\/p>\n\n\n\n<p><strong>2.\u00ba Ciclo:&nbsp;&nbsp;<\/strong>Lara Santos, 6\u00baC (Rastros); Miguel Martins, 6\u00baC (Domin\u00f3rio); Henrique Ferreira, 6\u00baC (Produto)<\/p>\n\n\n\n<p><strong>3.\u00ba Ciclo:&nbsp;<\/strong>Santiago Ferreira, 8\u00baH (Atari Go); Sim\u00e3o Cardoso, 7\u00baH (Produto); Rafael Santos, 7\u00baH (Domin\u00f3rio)<\/p>\n\n\n\n<p><strong>Campo Besteiros:<\/strong><\/p>\n\n\n\n<p><strong>1.\u00ba Ciclo:&nbsp;<\/strong>Lucas Quadros Dias, 4.\u00ba ano (rastros); Leonor Pinto Matos, 2.\u00ba ano (Gatos e C\u00e3es); Rodrigo Pinto Sim\u00f5es, 3.\u00ba ano (Domin\u00f3rio).<\/p>\n\n\n\n<p><strong>2.\u00ba Ciclo:&nbsp;<\/strong>Francisco Pinto Matos, 5.\u00ba A (Produto); Sara Saragih Loureiro, 6.\u00ba A (Rastros); Mariana Rebelo, 6.\u00ba A (Domin\u00f3rio).<\/p>\n\n\n\n<p><strong>3.\u00ba Ciclo:&nbsp;<\/strong>Vit\u00f3ria Alexandra Gomes, 7.\u00ba E (Produto); Tiago Matos Pereira, 9.\u00ba F (Atari Go); Diogo Cola\u00e7o, 9.\u00ba G (Domin\u00f3rio).<\/p>\n\n\n\n<p><strong>Secund\u00e1ria Tondela:<\/strong><\/p>\n\n\n\n<p><strong>3.\u00ba Ciclo:&nbsp;<\/strong>Rodrigo Silva 7\u00baD (Domin\u00f3rio); Maria Jo\u00e3o Cardoso 7\u00baB (Atari Go) e Matias Almeida 8\u00baA;&nbsp;<\/p>\n\n\n\n<p><strong>Secund\u00e1rio:&nbsp;<\/strong>Larissa Romano 10\u00baB (Produto); Andr\u00e9 Filipe Br\u00e1s 12\u00ba P22-25 (Hex)<\/p>\n\n\n\n<p><\/p>\n\n\n\n<div class=\"wp-block-uagb-container uagb-block-06efd1f2 alignfull uagb-is-root-container\"><div class=\"uagb-container-inner-blocks-wrap\">\n<div class=\"wp-block-uagb-container uagb-block-9c2855be\">\n<figure class=\"wp-block-image alignright size-large\"><a href=\"https:\/\/www.aetomazribeiro.net\/wpress\/wp-content\/uploads\/2025\/04\/Image-2025-03-14-at-11.08.47.jpeg\"><img decoding=\"async\" width=\"1190\" height=\"670\" src=\"https:\/\/www.aetomazribeiro.net\/wpress\/wp-content\/uploads\/2025\/04\/Image-2025-03-14-at-11.08.47-edited.jpeg\" alt=\"\" class=\"wp-image-4887\" style=\"box-shadow:var(--wp--preset--shadow--natural)\" srcset=\"https:\/\/www.aetomazribeiro.net\/wpress\/wp-content\/uploads\/2025\/04\/Image-2025-03-14-at-11.08.47-edited.jpeg 1190w, https:\/\/www.aetomazribeiro.net\/wpress\/wp-content\/uploads\/2025\/04\/Image-2025-03-14-at-11.08.47-edited-300x169.jpeg 300w, https:\/\/www.aetomazribeiro.net\/wpress\/wp-content\/uploads\/2025\/04\/Image-2025-03-14-at-11.08.47-edited-1024x577.jpeg 1024w, https:\/\/www.aetomazribeiro.net\/wpress\/wp-content\/uploads\/2025\/04\/Image-2025-03-14-at-11.08.47-edited-768x432.jpeg 768w\" sizes=\"(max-width: 1190px) 100vw, 1190px\" \/><\/a><\/figure>\n<\/div>\n\n\n\n<div class=\"wp-block-uagb-container uagb-block-965db72a\">\n<figure class=\"wp-block-image aligncenter size-large\"><a href=\"https:\/\/www.aetomazribeiro.net\/wpress\/wp-content\/uploads\/2025\/04\/Image-2025-03-14-at-15.17.08.jpeg\"><img loading=\"lazy\" decoding=\"async\" width=\"954\" height=\"537\" src=\"https:\/\/www.aetomazribeiro.net\/wpress\/wp-content\/uploads\/2025\/04\/Image-2025-03-14-at-15.17.08-edited.jpeg\" alt=\"\" class=\"wp-image-4886\" style=\"box-shadow:var(--wp--preset--shadow--natural)\" srcset=\"https:\/\/www.aetomazribeiro.net\/wpress\/wp-content\/uploads\/2025\/04\/Image-2025-03-14-at-15.17.08-edited.jpeg 954w, https:\/\/www.aetomazribeiro.net\/wpress\/wp-content\/uploads\/2025\/04\/Image-2025-03-14-at-15.17.08-edited-300x169.jpeg 300w, https:\/\/www.aetomazribeiro.net\/wpress\/wp-content\/uploads\/2025\/04\/Image-2025-03-14-at-15.17.08-edited-768x432.jpeg 768w\" sizes=\"(max-width: 954px) 100vw, 954px\" \/><\/a><\/figure>\n<\/div>\n<\/div><\/div>\n\n\n\n<p>O desempenho de todos os alunos foi muito bom, estando todos os envolvidos de PARAB\u00c9NS! Foram apurados para a fase final do campeonato nacional os alunos Filipe Ferreira,&nbsp;Sara Saragih Loureiro&nbsp;e Larissa Romano tendo representado o nosso agrupamento de forma extraordin\u00e1ria!<\/p>\n\n\n\n<p>Todos gostaram da experi\u00eancia e mostraram vontade de querer voltar. Toca a treinar!! Os professores do departamento de Matem\u00e1tica est\u00e3o orgulhosos pelo vosso desempenho! Os alunos foram acompanhados pelos professores, Susana Costa, \u00c2ngelaFerreira e Rui Coelho e pelos auxiliares de a\u00e7\u00e3o educativa, C\u00e9u Pereira e Jos\u00e9 Gon\u00e7alves.<\/p>\n","protected":false},"excerpt":{"rendered":"<p>Campeonato Nacional de Jogos Matem\u00e1ticos (2025 &#8211; AVEIRO) No passado dia 14 de mar\u00e7o de 2025, realizou-se na Universidade de [&hellip;]<\/p>\n","protected":false},"author":1,"featured_media":4885,"comment_status":"open","ping_status":"open","sticky":false,"template":"","format":"standard","meta":{"_uag_custom_page_level_css":"","site-sidebar-layout":"default","site-content-layout":"","ast-site-content-layout":"default","site-content-style":"default","site-sidebar-style":"default","ast-global-header-display":"","ast-banner-title-visibility":"","ast-main-header-display":"","ast-hfb-above-header-display":"","ast-hfb-below-header-display":"","ast-hfb-mobile-header-display":"","site-post-title":"disabled","ast-breadcrumbs-content":"","ast-featured-img":"","footer-sml-layout":"","ast-disable-related-posts":"","theme-transparent-header-meta":"","adv-header-id-meta":"","stick-header-meta":"","header-above-stick-meta":"","header-main-stick-meta":"","header-below-stick-meta":"","astra-migrate-meta-layouts":"set","ast-page-background-enabled":"default","ast-page-background-meta":{"desktop":{"background-color":"","background-image":"","background-repeat":"repeat","background-position":"center center","background-size":"auto","background-attachment":"scroll","background-type":"","background-media":"","overlay-type":"","overlay-color":"","overlay-opacity":"","overlay-gradient":""},"tablet":{"background-color":"","background-image":"","background-repeat":"repeat","background-position":"center center","background-size":"auto","background-attachment":"scroll","background-type":"","background-media":"","overlay-type":"","overlay-color":"","overlay-opacity":"","overlay-gradient":""},"mobile":{"background-color":"","background-image":"","background-repeat":"repeat","background-position":"center center","background-size":"auto","background-attachment":"scroll","background-type":"","background-media":"","overlay-type":"","overlay-color":"","overlay-opacity":"","overlay-gradient":""}},"ast-content-background-meta":{"desktop":{"background-color":"var(--ast-global-color-5)","background-image":"","background-repeat":"repeat","background-position":"center center","background-size":"auto","background-attachment":"scroll","background-type":"","background-media":"","overlay-type":"","overlay-color":"","overlay-opacity":"","overlay-gradient":""},"tablet":{"background-color":"var(--ast-global-color-5)","background-image":"","background-repeat":"repeat","background-position":"center center","background-size":"auto","background-attachment":"scroll","background-type":"","background-media":"","overlay-type":"","overlay-color":"","overlay-opacity":"","overlay-gradient":""},"mobile":{"background-color":"var(--ast-global-color-5)","background-image":"","background-repeat":"repeat","background-position":"center center","background-size":"auto","background-attachment":"scroll","background-type":"","background-media":"","overlay-type":"","overlay-color":"","overlay-opacity":"","overlay-gradient":""}},"iawp_total_views":101,"footnotes":""},"categories":[1],"tags":[],"class_list":["post-4875","post","type-post","status-publish","format-standard","has-post-thumbnail","hentry","category-uncategorized"],"uagb_featured_image_src":{"full":["https:\/\/www.aetomazribeiro.net\/wpress\/wp-content\/uploads\/2025\/04\/logotipo.png",1536,864,false],"thumbnail":["https:\/\/www.aetomazribeiro.net\/wpress\/wp-content\/uploads\/2025\/04\/logotipo-150x150.png",150,150,true],"medium":["https:\/\/www.aetomazribeiro.net\/wpress\/wp-content\/uploads\/2025\/04\/logotipo-300x169.png",300,169,true],"medium_large":["https:\/\/www.aetomazribeiro.net\/wpress\/wp-content\/uploads\/2025\/04\/logotipo-768x432.png",768,432,true],"large":["https:\/\/www.aetomazribeiro.net\/wpress\/wp-content\/uploads\/2025\/04\/logotipo-1024x576.png",1024,576,true],"1536x1536":["https:\/\/www.aetomazribeiro.net\/wpress\/wp-content\/uploads\/2025\/04\/logotipo.png",1536,864,false],"2048x2048":["https:\/\/www.aetomazribeiro.net\/wpress\/wp-content\/uploads\/2025\/04\/logotipo.png",1536,864,false]},"uagb_author_info":{"display_name":"admin","author_link":"https:\/\/www.aetomazribeiro.net\/wpress\/author\/admin\/"},"uagb_comment_info":0,"uagb_excerpt":"Campeonato Nacional de Jogos Matem\u00e1ticos (2025 &#8211; AVEIRO) No passado dia 14 de mar\u00e7o de 2025, realizou-se na Universidade de [&hellip;]","_links":{"self":[{"href":"https:\/\/www.aetomazribeiro.net\/wpress\/wp-json\/wp\/v2\/posts\/4875","targetHints":{"allow":["GET"]}}],"collection":[{"href":"https:\/\/www.aetomazribeiro.net\/wpress\/wp-json\/wp\/v2\/posts"}],"about":[{"href":"https:\/\/www.aetomazribeiro.net\/wpress\/wp-json\/wp\/v2\/types\/post"}],"author":[{"embeddable":true,"href":"https:\/\/www.aetomazribeiro.net\/wpress\/wp-json\/wp\/v2\/users\/1"}],"replies":[{"embeddable":true,"href":"https:\/\/www.aetomazribeiro.net\/wpress\/wp-json\/wp\/v2\/comments?post=4875"}],"version-history":[{"count":0,"href":"https:\/\/www.aetomazribeiro.net\/wpress\/wp-json\/wp\/v2\/posts\/4875\/revisions"}],"wp:featuredmedia":[{"embeddable":true,"href":"https:\/\/www.aetomazribeiro.net\/wpress\/wp-json\/wp\/v2\/media\/4885"}],"wp:attachment":[{"href":"https:\/\/www.aetomazribeiro.net\/wpress\/wp-json\/wp\/v2\/media?parent=4875"}],"wp:term":[{"taxonomy":"category","embeddable":true,"href":"https:\/\/www.aetomazribeiro.net\/wpress\/wp-json\/wp\/v2\/categories?post=4875"},{"taxonomy":"post_tag","embeddable":true,"href":"https:\/\/www.aetomazribeiro.net\/wpress\/wp-json\/wp\/v2\/tags?post=4875"}],"curies":[{"name":"wp","href":"https:\/\/api.w.org\/{rel}","templated":true}]}}