{"id":3045,"date":"2024-07-17T08:49:29","date_gmt":"2024-07-17T08:49:29","guid":{"rendered":"https:\/\/www.aetomazribeiro.net\/wpress\/?p=3045"},"modified":"2024-07-17T09:34:05","modified_gmt":"2024-07-17T09:34:05","slug":"recrutamento-e-designacao-de-professora-bibliotecarioa","status":"publish","type":"post","link":"https:\/\/www.aetomazribeiro.net\/wpress\/recrutamento-e-designacao-de-professora-bibliotecarioa\/","title":{"rendered":"Professor(a)\u00a0Bibliotec\u00e1rio(a)"},"content":{"rendered":"\n<h2 class=\"wp-block-heading has-text-align-center\">Recrutamento e Designa\u00e7\u00e3o de Professor(a) Bibliotec\u00e1rio(a)<\/h2>\n\n\n\n<h2 class=\"wp-block-heading has-text-align-center\"><strong>Procedimento\u00a0interno\u00a0de designa\u00e7\u00e3o<\/strong><\/h2>\n\n\n\n<h2 class=\"wp-block-heading has-text-align-center\"><\/h2>\n\n\n\n<figure class=\"wp-block-image aligncenter size-large is-resized\"><a href=\"https:\/\/www.aetomazribeiro.net\/wpress\/wp-content\/uploads\/2024\/07\/pexels-photo-6334064-6334064.jpg\"><img fetchpriority=\"high\" decoding=\"async\" width=\"1024\" height=\"682\" src=\"https:\/\/www.aetomazribeiro.net\/wpress\/wp-content\/uploads\/2024\/07\/pexels-photo-6334064-6334064-1024x682.jpg\" alt=\"pexels-photo-6334064-6334064.jpg\" class=\"wp-image-3073\" style=\"box-shadow:var(--wp--preset--shadow--natural);width:678px;height:auto\" srcset=\"https:\/\/www.aetomazribeiro.net\/wpress\/wp-content\/uploads\/2024\/07\/pexels-photo-6334064-6334064-1024x682.jpg 1024w, https:\/\/www.aetomazribeiro.net\/wpress\/wp-content\/uploads\/2024\/07\/pexels-photo-6334064-6334064-300x200.jpg 300w, https:\/\/www.aetomazribeiro.net\/wpress\/wp-content\/uploads\/2024\/07\/pexels-photo-6334064-6334064-768x512.jpg 768w, https:\/\/www.aetomazribeiro.net\/wpress\/wp-content\/uploads\/2024\/07\/pexels-photo-6334064-6334064.jpg 1280w\" sizes=\"(max-width: 1024px) 100vw, 1024px\" \/><\/a><\/figure>\n\n\n\n<p>Informam-se todos os docentes que se encontra aberto o procedimento&nbsp;interno&nbsp;para recrutamento de&nbsp;<strong>1 (um)<\/strong>&nbsp;Professor(a)&nbsp;Bibliotec\u00e1rio(a), para exercer fun\u00e7\u00f5es nas bibliotecas do Agrupamento.<\/p>\n\n\n\n<p>Nos termos do artigo 5.\u00ba da Portaria 192-A\/2015, de 29 de junho, \u00e9 selecionado(a) e designado(a) para as fun\u00e7\u00f5es de&nbsp;professor&nbsp;bibliotec\u00e1rio o\/a docente que, cumulativamente:<\/p>\n\n\n\n<p>a) seja docente de carreira de quadro do agrupamento de escolas de Tondela Tomaz Ribeiro ou outro docente de carreira nele colocado(a);<\/p>\n\n\n\n<p>b) possua 4 pontos de forma\u00e7\u00e3o acad\u00e9mica ou cont\u00ednua, na \u00e1rea das bibliotecas escolares, de acordo com o Anexo II da Portaria n.\u00ba 192-A\/2015, de 29 de junho;<\/p>\n\n\n\n<p>c) possua 50 horas de forma\u00e7\u00e3o acad\u00e9mica ou cont\u00ednua na \u00e1rea das TIC ou certifica\u00e7\u00e3o de compet\u00eancias digitais ou comprovada experi\u00eancia em TIC;<\/p>\n\n\n\n<p>d) disponha de experi\u00eancia profissional, na \u00e1rea das bibliotecas escolares;<\/p>\n\n\n\n<p>e) manifeste interesse em desempenhar as fun\u00e7\u00f5es de&nbsp;professor&nbsp;bibliotec\u00e1rio (minuta em anexo).<\/p>\n\n\n\n<p>Para o desempenho das fun\u00e7\u00f5es de professor(a)&nbsp;bibliotec\u00e1rio(a) \u00e9 designado(a) o docente que, reunindo os referidos requisitos, possua a pontua\u00e7\u00e3o mais elevada, de acordo com o n.\u00ba 2 do artigo 11.\u00ba da mesma Portaria.<\/p>\n\n\n\n<p><strong>Os docentes interessados devem entregar a manifesta\u00e7\u00e3o de interesse&nbsp;<\/strong>(minuta em anexo)<strong>, devidamente preenchida, at\u00e9 \u00e0s 17:30H do dia&nbsp;<u>18\/07\/2024<\/u>, no gabinete da dire\u00e7\u00e3o da EST.<\/strong><br><\/p>\n\n\n\n<div class=\"wp-block-uagb-container uagb-block-39d3c037 alignfull uagb-is-root-container\"><div class=\"uagb-container-inner-blocks-wrap\">\n<div class=\"wp-block-uagb-container uagb-block-6aa2f28d\"><style>.kt-svg-icons3045_63b7a6-7c .kt-svg-item-0 .kb-svg-icon-wrap{color:var(--global-palette4, #2D3748);font-size:50px;}.wp-block-kadence-icon.kt-svg-icons3045_63b7a6-7c{justify-content:flex-end;}<\/style>\n<div class=\"wp-block-kadence-icon kt-svg-icons kt-svg-icons3045_63b7a6-7c alignleft\"><style>.kt-svg-item-3045_7ffb48-34 .kb-svg-icon-wrap, .kt-svg-style-stacked.kt-svg-item-3045_7ffb48-34 .kb-svg-icon-wrap{font-size:50px;margin-right:0px;}<\/style>\n<div class=\"wp-block-kadence-single-icon kt-svg-style-default kt-svg-icon-wrap kt-svg-item-3045_7ffb48-34\"><span class=\"kb-svg-icon-wrap kb-svg-icon-fas_file-word\"><svg viewBox=\"0 0 384 512\"  fill=\"currentColor\" xmlns=\"http:\/\/www.w3.org\/2000\/svg\"  aria-hidden=\"true\"><path d=\"M224 136V0H24C10.7 0 0 10.7 0 24v464c0 13.3 10.7 24 24 24h336c13.3 0 24-10.7 24-24V160H248c-13.2 0-24-10.8-24-24zm57.1 120H305c7.7 0 13.4 7.1 11.7 14.7l-38 168c-1.2 5.5-6.1 9.3-11.7 9.3h-38c-5.5 0-10.3-3.8-11.6-9.1-25.8-103.5-20.8-81.2-25.6-110.5h-.5c-1.1 14.3-2.4 17.4-25.6 110.5-1.3 5.3-6.1 9.1-11.6 9.1H117c-5.6 0-10.5-3.9-11.7-9.4l-37.8-168c-1.7-7.5 4-14.6 11.7-14.6h24.5c5.7 0 10.7 4 11.8 9.7 15.6 78 20.1 109.5 21 122.2 1.6-10.2 7.3-32.7 29.4-122.7 1.3-5.4 6.1-9.1 11.7-9.1h29.1c5.6 0 10.4 3.8 11.7 9.2 24 100.4 28.8 124 29.6 129.4-.2-11.2-2.6-17.8 21.6-129.2 1-5.6 5.9-9.5 11.5-9.5zM384 121.9v6.1H256V0h6.1c6.4 0 12.5 2.5 17 7l97.9 98c4.5 4.5 7 10.6 7 16.9z\"\/><\/svg><\/span><\/div>\n<\/div>\n<\/div>\n\n\n\n<div class=\"wp-block-uagb-container uagb-block-1c392c66\">\n<div class=\"wp-block-file\"><a id=\"wp-block-file--media-a8524760-ad3d-4de1-b19b-b578dd358a91\" href=\"https:\/\/www.aetomazribeiro.net\/wpress\/wp-content\/uploads\/2024\/07\/4_Minuta_de_declara_ao_de_interesse_2024.docx\">Minuta de declara\u00e7\u00e3o de interesse 2024<\/a><a href=\"https:\/\/www.aetomazribeiro.net\/wpress\/wp-content\/uploads\/2024\/07\/4_Minuta_de_declara_ao_de_interesse_2024.docx\" class=\"wp-block-file__button wp-element-button\" download aria-describedby=\"wp-block-file--media-a8524760-ad3d-4de1-b19b-b578dd358a91\">Descarregar<\/a><\/div>\n<\/div>\n<\/div><\/div>\n\n\n\n<div class=\"wp-block-uagb-container uagb-block-8e55a43e alignfull uagb-is-root-container\"><div class=\"uagb-container-inner-blocks-wrap\">\n<div class=\"wp-block-uagb-container uagb-block-357284ec\"><style>.kt-svg-icons3045_f9a738-70 .kt-svg-item-0 .kb-svg-icon-wrap{color:var(--global-palette4, #2D3748);font-size:50px;}.wp-block-kadence-icon.kt-svg-icons3045_f9a738-70{justify-content:flex-end;}<\/style>\n<div class=\"wp-block-kadence-icon kt-svg-icons kt-svg-icons3045_f9a738-70 alignleft\"><style>.kt-svg-item-3045_a6ca84-0d .kb-svg-icon-wrap, .kt-svg-style-stacked.kt-svg-item-3045_a6ca84-0d .kb-svg-icon-wrap{font-size:50px;}<\/style>\n<div class=\"wp-block-kadence-single-icon kt-svg-style-default kt-svg-icon-wrap kt-svg-item-3045_a6ca84-0d\"><span class=\"kb-svg-icon-wrap kb-svg-icon-fas_file-excel\"><svg viewBox=\"0 0 384 512\"  fill=\"currentColor\" xmlns=\"http:\/\/www.w3.org\/2000\/svg\"  aria-hidden=\"true\"><path d=\"M224 136V0H24C10.7 0 0 10.7 0 24v464c0 13.3 10.7 24 24 24h336c13.3 0 24-10.7 24-24V160H248c-13.2 0-24-10.8-24-24zm60.1 106.5L224 336l60.1 93.5c5.1 8-.6 18.5-10.1 18.5h-34.9c-4.4 0-8.5-2.4-10.6-6.3C208.9 405.5 192 373 192 373c-6.4 14.8-10 20-36.6 68.8-2.1 3.9-6.1 6.3-10.5 6.3H110c-9.5 0-15.2-10.5-10.1-18.5l60.3-93.5-60.3-93.5c-5.2-8 .6-18.5 10.1-18.5h34.8c4.4 0 8.5 2.4 10.6 6.3 26.1 48.8 20 33.6 36.6 68.5 0 0 6.1-11.7 36.6-68.5 2.1-3.9 6.2-6.3 10.6-6.3H274c9.5-.1 15.2 10.4 10.1 18.4zM384 121.9v6.1H256V0h6.1c6.4 0 12.5 2.5 17 7l97.9 98c4.5 4.5 7 10.6 7 16.9z\"\/><\/svg><\/span><\/div>\n<\/div>\n<\/div>\n\n\n\n<div class=\"wp-block-uagb-container uagb-block-59730bb7\">\n<div class=\"wp-block-file\"><a id=\"wp-block-file--media-12b6bd6e-5dfd-4a02-ac73-0e0154fa6205\" href=\"https:\/\/www.aetomazribeiro.net\/wpress\/wp-content\/uploads\/2024\/07\/5_Pontua__es_na__rea_da_Forma__o_2024_05-2.xlsx\">Documento de sistematiza\u00e7\u00e3o das pontua\u00e7\u00f5es a atribuir<\/a><a href=\"https:\/\/www.aetomazribeiro.net\/wpress\/wp-content\/uploads\/2024\/07\/5_Pontua__es_na__rea_da_Forma__o_2024_05-2.xlsx\" class=\"wp-block-file__button wp-element-button\" download aria-describedby=\"wp-block-file--media-12b6bd6e-5dfd-4a02-ac73-0e0154fa6205\">Descarregar<\/a><\/div>\n<\/div>\n<\/div><\/div>\n\r\n<script><\/script>","protected":false},"excerpt":{"rendered":"<p>Recrutamento e Designa\u00e7\u00e3o de Professor(a) Bibliotec\u00e1rio(a) Procedimento\u00a0interno\u00a0de designa\u00e7\u00e3o Informam-se todos os docentes que se encontra aberto o procedimento&nbsp;interno&nbsp;para recrutamento de&nbsp;1 [&hellip;]<\/p>\n","protected":false},"author":1,"featured_media":3073,"comment_status":"open","ping_status":"open","sticky":false,"template":"","format":"standard","meta":{"_uag_custom_page_level_css":"","site-sidebar-layout":"default","site-content-layout":"","ast-site-content-layout":"default","site-content-style":"default","site-sidebar-style":"default","ast-global-header-display":"","ast-banner-title-visibility":"","ast-main-header-display":"","ast-hfb-above-header-display":"","ast-hfb-below-header-display":"","ast-hfb-mobile-header-display":"","site-post-title":"","ast-breadcrumbs-content":"","ast-featured-img":"","footer-sml-layout":"","ast-disable-related-posts":"","theme-transparent-header-meta":"","adv-header-id-meta":"","stick-header-meta":"","header-above-stick-meta":"","header-main-stick-meta":"","header-below-stick-meta":"","astra-migrate-meta-layouts":"set","ast-page-background-enabled":"default","ast-page-background-meta":{"desktop":{"background-color":"","background-image":"","background-repeat":"repeat","background-position":"center center","background-size":"auto","background-attachment":"scroll","background-type":"","background-media":"","overlay-type":"","overlay-color":"","overlay-opacity":"","overlay-gradient":""},"tablet":{"background-color":"","background-image":"","background-repeat":"repeat","background-position":"center center","background-size":"auto","background-attachment":"scroll","background-type":"","background-media":"","overlay-type":"","overlay-color":"","overlay-opacity":"","overlay-gradient":""},"mobile":{"background-color":"","background-image":"","background-repeat":"repeat","background-position":"center center","background-size":"auto","background-attachment":"scroll","background-type":"","background-media":"","overlay-type":"","overlay-color":"","overlay-opacity":"","overlay-gradient":""}},"ast-content-background-meta":{"desktop":{"background-color":"var(--ast-global-color-5)","background-image":"","background-repeat":"repeat","background-position":"center center","background-size":"auto","background-attachment":"scroll","background-type":"","background-media":"","overlay-type":"","overlay-color":"","overlay-opacity":"","overlay-gradient":""},"tablet":{"background-color":"var(--ast-global-color-5)","background-image":"","background-repeat":"repeat","background-position":"center center","background-size":"auto","background-attachment":"scroll","background-type":"","background-media":"","overlay-type":"","overlay-color":"","overlay-opacity":"","overlay-gradient":""},"mobile":{"background-color":"var(--ast-global-color-5)","background-image":"","background-repeat":"repeat","background-position":"center center","background-size":"auto","background-attachment":"scroll","background-type":"","background-media":"","overlay-type":"","overlay-color":"","overlay-opacity":"","overlay-gradient":""}},"iawp_total_views":75,"footnotes":""},"categories":[10,18],"tags":[],"class_list":["post-3045","post","type-post","status-publish","format-standard","has-post-thumbnail","hentry","category-bibliotecas","category-divulgacao"],"uagb_featured_image_src":{"full":["https:\/\/www.aetomazribeiro.net\/wpress\/wp-content\/uploads\/2024\/07\/pexels-photo-6334064-6334064.jpg",1280,853,false],"thumbnail":["https:\/\/www.aetomazribeiro.net\/wpress\/wp-content\/uploads\/2024\/07\/pexels-photo-6334064-6334064-150x150.jpg",150,150,true],"medium":["https:\/\/www.aetomazribeiro.net\/wpress\/wp-content\/uploads\/2024\/07\/pexels-photo-6334064-6334064-300x200.jpg",300,200,true],"medium_large":["https:\/\/www.aetomazribeiro.net\/wpress\/wp-content\/uploads\/2024\/07\/pexels-photo-6334064-6334064-768x512.jpg",768,512,true],"large":["https:\/\/www.aetomazribeiro.net\/wpress\/wp-content\/uploads\/2024\/07\/pexels-photo-6334064-6334064-1024x682.jpg",1024,682,true],"1536x1536":["https:\/\/www.aetomazribeiro.net\/wpress\/wp-content\/uploads\/2024\/07\/pexels-photo-6334064-6334064.jpg",1280,853,false],"2048x2048":["https:\/\/www.aetomazribeiro.net\/wpress\/wp-content\/uploads\/2024\/07\/pexels-photo-6334064-6334064.jpg",1280,853,false]},"uagb_author_info":{"display_name":"admin","author_link":"https:\/\/www.aetomazribeiro.net\/wpress\/author\/admin\/"},"uagb_comment_info":0,"uagb_excerpt":"Recrutamento e Designa\u00e7\u00e3o de Professor(a) Bibliotec\u00e1rio(a) Procedimento\u00a0interno\u00a0de designa\u00e7\u00e3o Informam-se todos os docentes que se encontra aberto o procedimento&nbsp;interno&nbsp;para recrutamento de&nbsp;1 [&hellip;]","_links":{"self":[{"href":"https:\/\/www.aetomazribeiro.net\/wpress\/wp-json\/wp\/v2\/posts\/3045","targetHints":{"allow":["GET"]}}],"collection":[{"href":"https:\/\/www.aetomazribeiro.net\/wpress\/wp-json\/wp\/v2\/posts"}],"about":[{"href":"https:\/\/www.aetomazribeiro.net\/wpress\/wp-json\/wp\/v2\/types\/post"}],"author":[{"embeddable":true,"href":"https:\/\/www.aetomazribeiro.net\/wpress\/wp-json\/wp\/v2\/users\/1"}],"replies":[{"embeddable":true,"href":"https:\/\/www.aetomazribeiro.net\/wpress\/wp-json\/wp\/v2\/comments?post=3045"}],"version-history":[{"count":0,"href":"https:\/\/www.aetomazribeiro.net\/wpress\/wp-json\/wp\/v2\/posts\/3045\/revisions"}],"wp:featuredmedia":[{"embeddable":true,"href":"https:\/\/www.aetomazribeiro.net\/wpress\/wp-json\/wp\/v2\/media\/3073"}],"wp:attachment":[{"href":"https:\/\/www.aetomazribeiro.net\/wpress\/wp-json\/wp\/v2\/media?parent=3045"}],"wp:term":[{"taxonomy":"category","embeddable":true,"href":"https:\/\/www.aetomazribeiro.net\/wpress\/wp-json\/wp\/v2\/categories?post=3045"},{"taxonomy":"post_tag","embeddable":true,"href":"https:\/\/www.aetomazribeiro.net\/wpress\/wp-json\/wp\/v2\/tags?post=3045"}],"curies":[{"name":"wp","href":"https:\/\/api.w.org\/{rel}","templated":true}]}}